{"id":636359,"date":"2026-01-02T14:41:17","date_gmt":"2026-01-02T14:41:17","guid":{"rendered":"https:\/\/www.europesays.com\/fr\/636359\/"},"modified":"2026-01-02T14:41:17","modified_gmt":"2026-01-02T14:41:17","slug":"schiltigheim-coups-de-poing-de-batons-et-de-couteau-pour-une-voiture","status":"publish","type":"post","link":"https:\/\/www.europesays.com\/fr\/636359\/","title":{"rendered":"Schiltigheim. Coups de poing, de b\u00e2tons et de couteau pour une voiture"},"content":{"rendered":"<p>\u00ab\u00a0On est pr\u00eat \u00e0 tuer des gens pour rien, s\u2019indigne le pr\u00e9sident de la chambre des comparutions imm\u00e9diates, Marc Picard. On ouvre sa porti\u00e8re, on heurte l\u00e9g\u00e8rement le v\u00e9hicule d\u2019\u00e0 c\u00f4t\u00e9 et \u00e7a d\u00e9g\u00e9n\u00e8re compl\u00e8tement.\u00a0\u00bb<\/p>\n<p>Dimanche 28\u00a0d\u00e9cembre, vers 13\u00a0h, une rixe a \u00e9clat\u00e9 entre deux groupes de personnes, rue du Soleil \u00e0 Schiltigheim, parce que le passager d\u2019une Renault a cogn\u00e9 sans faire expr\u00e8s la porti\u00e8re d\u2019un v\u00e9hicule Audi en stationnement. Le propri\u00e9taire de l\u2019Audi n\u2019a pas appr\u00e9ci\u00e9 que l\u2019on puisse ab\u00eemer sa voiture et a referm\u00e9 violemment&#8230;<\/p>\n","protected":false},"excerpt":{"rendered":"\u00ab\u00a0On est pr\u00eat \u00e0 tuer des gens pour rien, s\u2019indigne le pr\u00e9sident de la chambre des comparutions imm\u00e9diates,&hellip;\n","protected":false},"author":2,"featured_media":636360,"comment_status":"","ping_status":"","sticky":false,"template":"","format":"standard","meta":{"footnotes":""},"categories":[2820],"tags":[1111,11,271,272,2880,1777,674,274,107,1011,27,775,12,25,5512,640,3265],"class_list":{"0":"post-636359","1":"post","2":"type-post","3":"status-publish","4":"format-standard","5":"has-post-thumbnail","7":"category-strasbourg","8":"tag-actu","9":"tag-actualites","10":"tag-crime","11":"tag-delit-et-contravention","12":"tag-edition-strasbourg","13":"tag-eu","14":"tag-europe","15":"tag-faits-divers-justice","16":"tag-fil-info","17":"tag-fr","18":"tag-france","19":"tag-grand-est","20":"tag-news","21":"tag-republique-francaise","22":"tag-schiltigheim","23":"tag-strasbourg","24":"tag-strasbourg-nord"},"share_on_mastodon":{"url":"https:\/\/pubeurope.com\/@fr\/115826031565410858","error":""},"_links":{"self":[{"href":"https:\/\/www.europesays.com\/fr\/wp-json\/wp\/v2\/posts\/636359","targetHints":{"allow":["GET"]}}],"collection":[{"href":"https:\/\/www.europesays.com\/fr\/wp-json\/wp\/v2\/posts"}],"about":[{"href":"https:\/\/www.europesays.com\/fr\/wp-json\/wp\/v2\/types\/post"}],"author":[{"embeddable":true,"href":"https:\/\/www.europesays.com\/fr\/wp-json\/wp\/v2\/users\/2"}],"replies":[{"embeddable":true,"href":"https:\/\/www.europesays.com\/fr\/wp-json\/wp\/v2\/comments?post=636359"}],"version-history":[{"count":0,"href":"https:\/\/www.europesays.com\/fr\/wp-json\/wp\/v2\/posts\/636359\/revisions"}],"wp:featuredmedia":[{"embeddable":true,"href":"https:\/\/www.europesays.com\/fr\/wp-json\/wp\/v2\/media\/636360"}],"wp:attachment":[{"href":"https:\/\/www.europesays.com\/fr\/wp-json\/wp\/v2\/media?parent=636359"}],"wp:term":[{"taxonomy":"category","embeddable":true,"href":"https:\/\/www.europesays.com\/fr\/wp-json\/wp\/v2\/categories?post=636359"},{"taxonomy":"post_tag","embeddable":true,"href":"https:\/\/www.europesays.com\/fr\/wp-json\/wp\/v2\/tags?post=636359"}],"curies":[{"name":"wp","href":"https:\/\/api.w.org\/{rel}","templated":true}]}}