{"id":636365,"date":"2026-01-02T14:44:17","date_gmt":"2026-01-02T14:44:17","guid":{"rendered":"https:\/\/www.europesays.com\/fr\/636365\/"},"modified":"2026-01-02T14:44:17","modified_gmt":"2026-01-02T14:44:17","slug":"nice-plogging-la-course-au-ramassage-de-dechets","status":"publish","type":"post","link":"https:\/\/www.europesays.com\/fr\/636365\/","title":{"rendered":"Nice Plogging : La course au ramassage de d\u00e9chets"},"content":{"rendered":"<p>                    <img loading=\"lazy\" decoding=\"async\" src=\"https:\/\/www.europesays.com\/fr\/wp-content\/uploads\/2026\/01\/41febdf0bf4d9f6cb8f4a049e090e2.jpg\" class=\"img-responsive post-image\" width=\"680\" height=\"510\" alt=\"Nice Plogging : La course\" title=\"Nice Plogging : La course au ramassage de d\u00e9chets \"\/><\/p>\n<p class=\"chapo\">Les 5 commandements du plogging\u00a0: tu cr\u00e9eras du lien, tu pratiqueras une activit\u00e9 physique, tu d\u00e9pollueras en ramassant les d\u00e9chets, tu sensibiliseras en envoyant un message au monde et tu te feras du bien.<\/p>\n<blockquote class=\"texte\">\n<p>Dimanche 10h du matin, op\u00e9ra Plage, l\u2019\u00e9quipe du Nice Plogging, fid\u00e8le au rendez-vous dominical se retrouve.  \u00ab\u00a0\u00a0Si \u00e7a vous dit, certains peuvent aller \u00e0 la digue du port\u2026\u00a0\u00bb <strong>Mathieu Perino,<\/strong> le pr\u00e9sident, propose quelques id\u00e9es avant que les b\u00e9n\u00e9voles ne se dispersent pour une heure de ramassage.<\/p>\n<\/blockquote>\n<p> <a href=\"https:\/\/www.europesays.com\/fr\/wp-content\/uploads\/2026\/01\/20251221_112110.jpg\" class=\"spip_doc_lien mediabox\" type=\"image\/jpeg\"><br \/>\n\t\t<img loading=\"lazy\" decoding=\"async\" src=\"https:\/\/www.europesays.com\/fr\/wp-content\/uploads\/2026\/01\/20251221_112110.jpg\" width=\"1024\" height=\"768\" alt=\"\"\/><\/a><\/p>\n<p>\u00a9ME\n<\/p>\n<p>Aujourd\u2019hui, ceux qui arpentent les rues du Vieux Nice ont une petite vingtaine d\u2019ann\u00e9es seulement mais <strong>la maturit\u00e9 de leur engagement est bien r\u00e9elle<\/strong>.<strong> Sujeve,<\/strong> en master 1 de strat\u00e9gie digitale \u00e0 Saint Jean d\u2019Ang\u00e9ly, a trouv\u00e9 une bonne raison de se lever le dimanche\u00a0: retrouver ses copains du \u00ab\u00a0plogging\u00a0\u00bb <strong>Linda, Daniel, Zahra et Olivia.<\/strong> Plusieurs motivations \u00e0 la cl\u00e9 pour eux\u00a0: les \u00e9tudiants du groupe prennent part au dispositif propos\u00e9 par l\u2019Universit\u00e9 de Nice, l\u2019engagement Center. \u00ab\u00a0Tu donnes un minimum de 20 h par semestre de ton temps pour une mission citoyenne et tu b\u00e9n\u00e9ficies de 0,25 point en plus sur ta moyenne g\u00e9n\u00e9rale\u00a0; c\u2019est le bonus engagement\u00a0\u00bb, explique Sujeve. Et de poursuivre\u00a0: \u00ab\u00a0C\u2019est aussi une ligne en plus sur le CV qui te valorise lors des entretiens de stage car les entreprises, dans leur d\u00e9marche RSE, sont attentives \u00e0 ce genre d\u2019exp\u00e9riences.\u00a0\u00bb<\/p>\n<p> <a href=\"https:\/\/www.europesays.com\/fr\/wp-content\/uploads\/2026\/01\/20251221_105917.jpg\" class=\"spip_doc_lien mediabox\" type=\"image\/jpeg\"><br \/>\n\t\t<img loading=\"lazy\" decoding=\"async\" src=\"https:\/\/www.europesays.com\/fr\/wp-content\/uploads\/2026\/01\/20251221_105917.jpg\" width=\"1024\" height=\"768\" alt=\"\"\/><\/a><\/p>\n<p>\u00a9ME\n<\/p>\n<p>Activit\u00e9 inclusive<\/p>\n<p>Les arguments qui incitent la jeunesse \u00e0 agir sont nombreux. Dans la liste, il y a \u00e9galement les rencontres, la convivialit\u00e9. Linda, la jeune Varoise, a d\u00e9couvert la ville en marchant et en ramassant et elle s\u2019est fait une bande d\u2019amis \u00ab\u00a0ploggers\u00a0\u00bb. Daniel, 24 ans, technicien motoriste, a r\u00e9pondu au Green deal du d\u00e9partement\u00a0:  une aide financi\u00e8re propos\u00e9e aux 18-24 ans engag\u00e9s pour le climat dans une association \u00e0 raison de 50 heures entre septembre 2023 et septembre 2024. Daniel a saisi une opportunit\u00e9 certes mais qui s\u2019est transform\u00e9e en conviction\u00a0: \u00ab\u00a0J\u2019ai fait des rencontres et avec le temps, la cause m\u2019a vraiment touch\u00e9 et du coup j\u2019ai continu\u00e9.\u00a0\u00bb<\/p>\n<p>Les mains plong\u00e9es dans les jardini\u00e8res \u00e0 la recherche des m\u00e9gots, le dos courb\u00e9 sur la chauss\u00e9e pour traquer le d\u00e9chet infiniment petit avant qu\u2019il ne finisse dans le caniveau&#8230;<strong> Un travail de fourmis<\/strong>. Un serveur de bar du quai des \u00c9tats Unis les salue et les remercie chaleureusement. Un passant les encourage avec respect.<\/p>\n<p> <a href=\"https:\/\/www.europesays.com\/fr\/wp-content\/uploads\/2026\/01\/20251221_102627.jpg\" class=\"spip_doc_lien mediabox\" type=\"image\/jpeg\"><br \/>\n\t\t<img loading=\"lazy\" decoding=\"async\" src=\"https:\/\/www.europesays.com\/fr\/wp-content\/uploads\/2026\/01\/20251221_102627.jpg\" width=\"1024\" height=\"768\" alt=\"\"\/><\/a><\/p>\n<p>\u00a9ME\n<\/p>\n<p>Le plogging est un concept su\u00e9dois qui associe le jogging et le ramassage des d\u00e9chets. <\/p>\n<p>\u00c0 Nice tout a commenc\u00e9 en 2018. Mathieu Perino, un ancien \u00e9co-anxieux comme il se qualifiait, a rapidement rejoint le collectif qui compte aujourd\u2019hui un bon millier de sympathisants de Cannes \u00e0 Nice. 200 personnes sont des habitu\u00e9s de cette routine que Mathieu consid\u00e8re comme une hygi\u00e8ne de vie. \u00ab\u00a0C\u2019est un jeu \u00e0 somme positive, il n\u2019y a que des gagnants. Une activit\u00e9 inclusive\u00a0: chacun participe \u00e0 son niveau, il y a des personnes handicap\u00e9es qui viennent et pour eux ramasser un m\u00e9got c\u2019est d\u00e9j\u00e0 une victoire et c\u2019est super\u00a0!\u00a0\u00bb<\/p>\n<p>Message aux entreprises et aux politiques<\/p>\n<blockquote class=\"spip\">\n<p>Mathieu communique son enthousiasme et valorise les b\u00e9n\u00e9voles en leur rappelant que le geste est simple mais l\u2019impact est r\u00e9el\u00a0: \u00ab\u00a0Un\u00a0m\u00e9got pollue 500 litres d\u2019eau. Si tu jettes un m\u00e9got \u00e0 Paris, Lyon ou Nice, il arrivera t\u00f4t ou tard \u00e0 la mer. Alors ce matin en ramassant 10 000 m\u00e9gots, le calcul est vite fait, on a d\u00e9pollu\u00e9 5 millions de litres d\u2019eau.\u00a0\u00bb<\/p>\n<\/blockquote>\n<p> <a href=\"https:\/\/www.europesays.com\/fr\/wp-content\/uploads\/2026\/01\/20251221_111442.jpg\" class=\"spip_doc_lien mediabox\" type=\"image\/jpeg\"><br \/>\n\t\t<img loading=\"lazy\" decoding=\"async\" src=\"https:\/\/www.europesays.com\/fr\/wp-content\/uploads\/2026\/01\/20251221_111442.jpg\" width=\"1024\" height=\"768\" alt=\"\"\/><\/a><\/p>\n<p>\u00a9ME\n<\/p>\n<p>Entre le printemps dernier et la fin octobre, ce sont 1 million de m\u00e9gots qui ont \u00e9t\u00e9 collect\u00e9s sur Nice. <\/p>\n<p>Ils sont partis \u00e0 la recyclerie des Moulins. Stock\u00e9s dans des f\u00fbts, Recyclop Marseille les r\u00e9cup\u00e8re pour les transformer en \u00e9lectricit\u00e9 d\u00e9carbon\u00e9e. \u00ab\u00a0\u00a0Ils r\u00e9ussissent \u00e0 retirer les polluants sans les rejeter dans la nature\u00a0\u00bb, pr\u00e9cise Mathieu. \u00ab\u00a0\u00a0Si nous, les citoyens, envoyons un message aux entreprises et aux politiques, cela va les faire r\u00e9agir.\u00a0\u00bb Mathieu Perino en est convaincu. Plusieurs signaux montrent que les lignes bougent. L\u2019EDHEC a conclu un partenariat avec le collectif. \u00ab\u00a0Leurs professeurs sont pay\u00e9s une journ\u00e9e par an pour faire du plogging.\u00a0\u00bb  La ville de Nice suit l\u2019actualit\u00e9 du Plogging puisqu\u2019elle est capable de leur annoncer le tonnage des d\u00e9chets ramass\u00e9s par les b\u00e9n\u00e9voles\u00a0: une tonne par semaine. Elle leur fournit le mat\u00e9riel et les invite aux grands \u00e9v\u00e9nements. Ils sont notamment convi\u00e9s \u00e0 d\u00e9filer pour le carnaval. Notons que depuis 2024, les plages de Nice sont toutes sans tabac. Le collectif avait quelques mois plus t\u00f4t adress\u00e9 un courrier \u00e0 la municipalit\u00e9 en ce sens.<\/p>\n<p>Int\u00e9ress\u00e9\u00a0? <br class=\"autobr\"\/><br \/>\n<a href=\"https:\/\/niceplogging.com\/\" class=\"spip_out\" rel=\"external noopener\" target=\"_blank\">https:\/\/niceplogging.com\/<\/a><\/p>\n<p> <a href=\"https:\/\/www.europesays.com\/fr\/wp-content\/uploads\/2026\/01\/20251221_111536.jpg\" class=\"spip_doc_lien mediabox\" type=\"image\/jpeg\"><br \/>\n\t\t<img loading=\"lazy\" decoding=\"async\" src=\"https:\/\/www.europesays.com\/fr\/wp-content\/uploads\/2026\/01\/20251221_111536.jpg\" width=\"1024\" height=\"768\" alt=\"\"\/><\/a><\/p>\n<p>\u00a9ME<\/p>\n","protected":false},"excerpt":{"rendered":"Les 5 commandements du plogging\u00a0: tu cr\u00e9eras du lien, tu pratiqueras une activit\u00e9 physique, tu d\u00e9pollueras en ramassant&hellip;\n","protected":false},"author":2,"featured_media":636366,"comment_status":"","ping_status":"","sticky":false,"template":"","format":"standard","meta":{"footnotes":""},"categories":[2819],"tags":[1111,11,2408,1777,674,1011,27,12,2401,882,25],"class_list":{"0":"post-636365","1":"post","2":"type-post","3":"status-publish","4":"format-standard","5":"has-post-thumbnail","7":"category-nice","8":"tag-actu","9":"tag-actualites","10":"tag-appels-d","11":"tag-eu","12":"tag-europe","13":"tag-fr","14":"tag-france","15":"tag-news","16":"tag-nice","17":"tag-provence-alpes-cote-dazur","18":"tag-republique-francaise"},"share_on_mastodon":{"url":"https:\/\/pubeurope.com\/@fr\/115826043665205748","error":""},"_links":{"self":[{"href":"https:\/\/www.europesays.com\/fr\/wp-json\/wp\/v2\/posts\/636365","targetHints":{"allow":["GET"]}}],"collection":[{"href":"https:\/\/www.europesays.com\/fr\/wp-json\/wp\/v2\/posts"}],"about":[{"href":"https:\/\/www.europesays.com\/fr\/wp-json\/wp\/v2\/types\/post"}],"author":[{"embeddable":true,"href":"https:\/\/www.europesays.com\/fr\/wp-json\/wp\/v2\/users\/2"}],"replies":[{"embeddable":true,"href":"https:\/\/www.europesays.com\/fr\/wp-json\/wp\/v2\/comments?post=636365"}],"version-history":[{"count":0,"href":"https:\/\/www.europesays.com\/fr\/wp-json\/wp\/v2\/posts\/636365\/revisions"}],"wp:featuredmedia":[{"embeddable":true,"href":"https:\/\/www.europesays.com\/fr\/wp-json\/wp\/v2\/media\/636366"}],"wp:attachment":[{"href":"https:\/\/www.europesays.com\/fr\/wp-json\/wp\/v2\/media?parent=636365"}],"wp:term":[{"taxonomy":"category","embeddable":true,"href":"https:\/\/www.europesays.com\/fr\/wp-json\/wp\/v2\/categories?post=636365"},{"taxonomy":"post_tag","embeddable":true,"href":"https:\/\/www.europesays.com\/fr\/wp-json\/wp\/v2\/tags?post=636365"}],"curies":[{"name":"wp","href":"https:\/\/api.w.org\/{rel}","templated":true}]}}