{"id":636375,"date":"2026-01-02T14:49:11","date_gmt":"2026-01-02T14:49:11","guid":{"rendered":"https:\/\/www.europesays.com\/fr\/636375\/"},"modified":"2026-01-02T14:49:11","modified_gmt":"2026-01-02T14:49:11","slug":"melissende-une-escale-de-douceur-et-de-sincerite-a-la-comedie-de-toulouse","status":"publish","type":"post","link":"https:\/\/www.europesays.com\/fr\/636375\/","title":{"rendered":"M\u00e9lissende : une escale de douceur et de sinc\u00e9rit\u00e9 \u00e0 la Com\u00e9die de Toulouse"},"content":{"rendered":"<p data-path-to-node=\"1\">Le <b data-path-to-node=\"1\" data-index-in-node=\"14\">mercredi 4 novembre 2026<\/b> \u00e0 20h00, la <b data-path-to-node=\"1\" data-index-in-node=\"51\">Com\u00e9die de Toulouse<\/b> ouvre ses portes \u00e0 l\u2019univers d\u00e9licat de <b data-path-to-node=\"1\" data-index-in-node=\"111\">M\u00e9lissende<\/b>. Autrice-compositrice-interpr\u00e8te au parcours singulier, elle invite le public toulousain \u00e0 une soir\u00e9e plac\u00e9e sous le signe de l\u2019\u00e9motion pure et de la proximit\u00e9.<\/p>\n<p data-path-to-node=\"2\"><img loading=\"lazy\" decoding=\"async\" class=\"size-medium wp-image-903163 aligncenter\" src=\"https:\/\/www.europesays.com\/fr\/wp-content\/uploads\/2026\/01\/Melissandre-168x300.png\" alt=\"\" width=\"168\" height=\"300\"  \/><\/p>\n<p data-path-to-node=\"2\">M\u00e9lissende est une artiste qui habite sa musique avec une intensit\u00e9 rare. Si elle a d\u00e9j\u00e0 foul\u00e9 de grandes sc\u00e8nes, notamment en assurant les premi\u00e8res parties d\u2019artistes prestigieux tels que <b data-path-to-node=\"2\" data-index-in-node=\"190\">-M-<\/b>, <b data-path-to-node=\"2\" data-index-in-node=\"195\">November Ultra<\/b>, ou encore <b data-path-to-node=\"2\" data-index-in-node=\"221\">Barbara Pravi<\/b> lors d\u2019une tourn\u00e9e de 15 dates incluant La Cigale, elle conserve une approche de la chanson profond\u00e9ment humaine.<\/p>\n<p>Une voix du c\u0153ur pour cr\u00e9er du lien<\/p>\n<p data-path-to-node=\"4\">Le parcours de M\u00e9lissende ne se limite pas aux salles de concert classiques. Depuis plusieurs ann\u00e9es, elle intervient r\u00e9guli\u00e8rement dans les chambres d\u2019h\u00f4pital, adaptant sa voix et son r\u00e9pertoire pour apporter du r\u00e9confort l\u00e0 o\u00f9 il est n\u00e9cessaire. Cette exp\u00e9rience impr\u00e8gne son univers artistique, fait de m\u00e9lancolie, de douceur et d\u2019une sinc\u00e9rit\u00e9 d\u00e9sarmante.<\/p>\n<blockquote data-path-to-node=\"5\">\n<p data-path-to-node=\"5,0\">\u00ab C\u2019est cette voix du c\u0153ur, qui seule au c\u0153ur arrive. \u00bb Cette citation ch\u00e8re \u00e0 l\u2019artiste r\u00e9sume parfaitement son ambition : utiliser le pouvoir de la musique pour cr\u00e9er un lien authentique avec son auditoire et transmettre des \u00e9motions universelles.<\/p>\n<\/blockquote>\n<p>Le succ\u00e8s de l\u2019EP \u00ab Ailleurs \u00bb<\/p>\n<p data-path-to-node=\"7\">Apr\u00e8s le remarqu\u00e9 single Rien ne se passe, M\u00e9lissende a confirm\u00e9 son talent avec la sortie de son EP <b data-path-to-node=\"7\" data-index-in-node=\"101\">Ailleurs<\/b> en avril 2025. Ce projet a re\u00e7u un accueil critique enthousiaste de la part de m\u00e9dias de r\u00e9f\u00e9rence tels que France Inter, Lib\u00e9ration, Tsugi Radio ou encore Culturebox, installant durablement son nom dans le paysage de la nouvelle chanson fran\u00e7aise.<\/p>\n<p data-path-to-node=\"8\">Ce concert \u00e0 la Com\u00e9die de Toulouse est une occasion privil\u00e9gi\u00e9e de d\u00e9couvrir sur sc\u00e8ne les titres de cet EP et de se laisser porter par une interpr\u00e9tation sensible et habit\u00e9e.<\/p>\n<p>Informations Pratiques \u2013 M\u00e9lissende \u00e0 la Com\u00e9die de Toulouse<\/p>\n<tr>\n<td\/>\n<td\/>\n<\/tr>\n<tr>\n<td><b data-path-to-node=\"11,1,0,0\" data-index-in-node=\"0\">Date et horaire<\/b><\/td>\n<td>Mercredi 4 novembre 2026 \u00e0 20h00<\/td>\n<\/tr>\n<tr>\n<td><b data-path-to-node=\"11,2,0,0\" data-index-in-node=\"0\">Lieux<\/b><\/td>\n<td>La Com\u00e9die de Toulouse (16 Rue de l\u2019Orient, 31000 Toulouse)<\/td>\n<\/tr>\n<tr>\n<td><b data-path-to-node=\"11,3,0,0\" data-index-in-node=\"0\">Univers musical<\/b><\/td>\n<td>Chanson fran\u00e7aise, Sensible, M\u00e9lancolique<\/td>\n<\/tr>\n<tr>\n<td><b data-path-to-node=\"11,4,0,0\" data-index-in-node=\"0\">Tarif<\/b><\/td>\n<td>25 \u20ac<\/td>\n<\/tr>\n<tr>\n<td><b data-path-to-node=\"11,5,0,0\" data-index-in-node=\"0\">R\u00e9servations<\/b><\/td>\n<td>Billetterie disponible sur <a href=\"https:\/\/www.box.fr\/reserver\/melissende-1\/2100644\" target=\"_blank\" rel=\"noopener\">le site Box Office<\/a><\/td>\n<\/tr>\n","protected":false},"excerpt":{"rendered":"Le mercredi 4 novembre 2026 \u00e0 20h00, la Com\u00e9die de Toulouse ouvre ses portes \u00e0 l\u2019univers d\u00e9licat de&hellip;\n","protected":false},"author":2,"featured_media":636376,"comment_status":"","ping_status":"","sticky":false,"template":"","format":"standard","meta":{"footnotes":""},"categories":[2816],"tags":[1111,11,1777,674,1011,27,12,2680,25,2312],"class_list":{"0":"post-636375","1":"post","2":"type-post","3":"status-publish","4":"format-standard","5":"has-post-thumbnail","7":"category-toulouse","8":"tag-actu","9":"tag-actualites","10":"tag-eu","11":"tag-europe","12":"tag-fr","13":"tag-france","14":"tag-news","15":"tag-occitanie","16":"tag-republique-francaise","17":"tag-toulouse"},"share_on_mastodon":{"url":"https:\/\/pubeurope.com\/@fr\/115826063114990679","error":""},"_links":{"self":[{"href":"https:\/\/www.europesays.com\/fr\/wp-json\/wp\/v2\/posts\/636375","targetHints":{"allow":["GET"]}}],"collection":[{"href":"https:\/\/www.europesays.com\/fr\/wp-json\/wp\/v2\/posts"}],"about":[{"href":"https:\/\/www.europesays.com\/fr\/wp-json\/wp\/v2\/types\/post"}],"author":[{"embeddable":true,"href":"https:\/\/www.europesays.com\/fr\/wp-json\/wp\/v2\/users\/2"}],"replies":[{"embeddable":true,"href":"https:\/\/www.europesays.com\/fr\/wp-json\/wp\/v2\/comments?post=636375"}],"version-history":[{"count":0,"href":"https:\/\/www.europesays.com\/fr\/wp-json\/wp\/v2\/posts\/636375\/revisions"}],"wp:featuredmedia":[{"embeddable":true,"href":"https:\/\/www.europesays.com\/fr\/wp-json\/wp\/v2\/media\/636376"}],"wp:attachment":[{"href":"https:\/\/www.europesays.com\/fr\/wp-json\/wp\/v2\/media?parent=636375"}],"wp:term":[{"taxonomy":"category","embeddable":true,"href":"https:\/\/www.europesays.com\/fr\/wp-json\/wp\/v2\/categories?post=636375"},{"taxonomy":"post_tag","embeddable":true,"href":"https:\/\/www.europesays.com\/fr\/wp-json\/wp\/v2\/tags?post=636375"}],"curies":[{"name":"wp","href":"https:\/\/api.w.org\/{rel}","templated":true}]}}