{"id":636377,"date":"2026-01-02T14:50:14","date_gmt":"2026-01-02T14:50:14","guid":{"rendered":"https:\/\/www.europesays.com\/fr\/636377\/"},"modified":"2026-01-02T14:50:14","modified_gmt":"2026-01-02T14:50:14","slug":"colere-des-agriculteurs-une-mobilisation-annoncee-au-coeur-de-toulouse-ce-samedi-a-quoi-faut-il-sattendre","status":"publish","type":"post","link":"https:\/\/www.europesays.com\/fr\/636377\/","title":{"rendered":"Col\u00e8re des agriculteurs\u00a0: une mobilisation annonc\u00e9e au c\u0153ur de Toulouse ce samedi, \u00e0 quoi faut-il s\u2019attendre\u00a0?"},"content":{"rendered":"<p>\n                                                                    l&rsquo;essentiel<br \/>\n                                                                Apr\u00e8s plusieurs semaines de mobilisation, les agriculteurs de Haute-Garonne donnent rendez-vous aux Toulousains ce samedi 3\u00a0janvier pour une nouvelle action symbolique. Un d\u00e9fil\u00e9 pacifique, organis\u00e9 au c\u0153ur de la ville, pour alerter sur la crise du monde agricole.\n                            <\/p>\n<p>La mobilisation agricole se poursuit en Haute-Garonne. Ce samedi 3\u00a0janvier, les syndicats appellent \u00e0 <a href=\"https:\/\/www.ladepeche.fr\/2025\/12\/30\/colere-des-agriculteurs-quatre-syndicats-annoncent-une-nouvelle-manifestation-a-toulouse-samedi-3-janvier-13136566.php\" target=\"_self\" rel=\"noopener\">un nouveau temps fort \u00e0 Toulouse<\/a>, avec un rassemblement annonc\u00e9 \u00e0 10\u00a0heures au d\u00e9part du palais de justice. Objectif\u00a0: alerter les pouvoirs publics et les citoyens sur la situation des agriculteurs, sans chercher l\u2019affrontement.<\/p>\n<p class=\"std-elt__inline\">\n        <strong>\u00c0 lire aussi :<\/strong><br \/>\n        <a href=\"https:\/\/www.ladepeche.fr\/2026\/01\/01\/les-maires-ne-lacheront-pas-les-elus-locaux-apportent-leur-soutien-aux-agriculteurs-et-menacent-de-remettre-leurs-echarpes-13140178.php\" target=\"_blank\" rel=\"noopener\">\u00ab\u00a0Les maires ne l\u00e2cheront pas\u00a0\u00bb\u00a0: les \u00e9lus locaux apportent leur soutien aux agriculteurs et menacent de remettre leurs \u00e9charpes<\/a>\n    <\/p>\n<p>\u00ab\u00a0On veut aller au contact des Toulousains, expliquer ce que l\u2019on vit et pourquoi on se mobilise\u00a0\u00bb, r\u00e9sume Luc Mesbah, pr\u00e9sident de la FDSEA 31. Le cort\u00e8ge empruntera la rue du Languedoc, puis la rue Alsace-Lorraine avant de rejoindre la place du Capitole et la pr\u00e9fecture. Quelques tracteurs seront pr\u00e9sents, mais \u00ab\u00a0sans blocage ni d\u00e9gradation\u00a0\u00bb.<\/p>\n<p>Des croix pour symboliser les vaches abattues<\/p>\n<p>Au c\u0153ur de la col\u00e8re\u00a0: la gestion de la dermatose nodulaire contagieuse (DNC) et les cons\u00e9quences \u00e9conomiques pour les \u00e9leveurs, mais aussi le poids des normes, de la fiscalit\u00e9 et les inqui\u00e9tudes li\u00e9es aux accords commerciaux. \u00ab\u00a0On veut montrer ce que vivent les agriculteurs au quotidien. Ce combat concerne tout le monde, pas seulement le monde paysan\u00a0\u00bb, insiste Luc Mesbah.<\/p>\n<p>Des croix symbolisant les animaux abattus seront brandies pendant la mobilisation. \u00ab\u00a0C\u2019est un message fort, mais pacifique\u00a0\u00bb, souligne-t-il.\u00a0Une mani\u00e8re de d\u00e9noncer ce qu\u2019ils consid\u00e8rent comme une r\u00e9ponse disproportionn\u00e9e des autorit\u00e9s face \u00e0 la maladie.<\/p>\n","protected":false},"excerpt":{"rendered":"l&rsquo;essentiel Apr\u00e8s plusieurs semaines de mobilisation, les agriculteurs de Haute-Garonne donnent rendez-vous aux Toulousains ce samedi 3\u00a0janvier pour&hellip;\n","protected":false},"author":2,"featured_media":636378,"comment_status":"","ping_status":"","sticky":false,"template":"","format":"standard","meta":{"footnotes":""},"categories":[2816],"tags":[1111,11,327,33,1777,674,1011,27,2722,12,2680,25,2312],"class_list":{"0":"post-636377","1":"post","2":"type-post","3":"status-publish","4":"format-standard","5":"has-post-thumbnail","7":"category-toulouse","8":"tag-actu","9":"tag-actualites","10":"tag-agriculture","11":"tag-economie","12":"tag-eu","13":"tag-europe","14":"tag-fr","15":"tag-france","16":"tag-haute-garonne","17":"tag-news","18":"tag-occitanie","19":"tag-republique-francaise","20":"tag-toulouse"},"share_on_mastodon":{"url":"https:\/\/pubeurope.com\/@fr\/115826066959737180","error":""},"_links":{"self":[{"href":"https:\/\/www.europesays.com\/fr\/wp-json\/wp\/v2\/posts\/636377","targetHints":{"allow":["GET"]}}],"collection":[{"href":"https:\/\/www.europesays.com\/fr\/wp-json\/wp\/v2\/posts"}],"about":[{"href":"https:\/\/www.europesays.com\/fr\/wp-json\/wp\/v2\/types\/post"}],"author":[{"embeddable":true,"href":"https:\/\/www.europesays.com\/fr\/wp-json\/wp\/v2\/users\/2"}],"replies":[{"embeddable":true,"href":"https:\/\/www.europesays.com\/fr\/wp-json\/wp\/v2\/comments?post=636377"}],"version-history":[{"count":0,"href":"https:\/\/www.europesays.com\/fr\/wp-json\/wp\/v2\/posts\/636377\/revisions"}],"wp:featuredmedia":[{"embeddable":true,"href":"https:\/\/www.europesays.com\/fr\/wp-json\/wp\/v2\/media\/636378"}],"wp:attachment":[{"href":"https:\/\/www.europesays.com\/fr\/wp-json\/wp\/v2\/media?parent=636377"}],"wp:term":[{"taxonomy":"category","embeddable":true,"href":"https:\/\/www.europesays.com\/fr\/wp-json\/wp\/v2\/categories?post=636377"},{"taxonomy":"post_tag","embeddable":true,"href":"https:\/\/www.europesays.com\/fr\/wp-json\/wp\/v2\/tags?post=636377"}],"curies":[{"name":"wp","href":"https:\/\/api.w.org\/{rel}","templated":true}]}}