{"id":636379,"date":"2026-01-02T14:51:12","date_gmt":"2026-01-02T14:51:12","guid":{"rendered":"https:\/\/www.europesays.com\/fr\/636379\/"},"modified":"2026-01-02T14:51:12","modified_gmt":"2026-01-02T14:51:12","slug":"bon-plan-cinema-festival-best-of-2025-a-kinepolis-lomme-du-07-au-20-janvier-2026","status":"publish","type":"post","link":"https:\/\/www.europesays.com\/fr\/636379\/","title":{"rendered":"Bon Plan Cin\u00e9ma : Festival Best of 2025 \u00e0 Kinepolis Lomme du 07 au 20 janvier 2026"},"content":{"rendered":"<p style=\"text-align: justify;\"><strong>Du 07 au 20 janvier 2026, Kinepolis Lomme <\/strong>vous invite \u00e0 <strong>(re)vivre les films qui ont fait vibrer l\u2019ann\u00e9e 2025,<\/strong> au tarif de <strong>5\u20ac la place*.<\/strong><\/p>\n<p style=\"text-align: justify;\">Des <strong>succ\u00e8s du box office<\/strong> aux <strong>r\u00e9alisations d\u2019orf\u00e8vre, <\/strong>des <strong>performances d\u2019acteurs inoubliables <\/strong>aux <strong>th\u00e9matiques <\/strong>qui ont<strong> bouscul\u00e9 le public, chaque film de cette s\u00e9lection<\/strong> a laiss\u00e9 <strong>son empreinte sur grand \u00e9cran.<\/strong><\/p>\n<p style=\"text-align: justify;\"><strong>Rires, larmes, adr\u00e9naline, frissons <\/strong>ou <strong>amour : autant d\u2019\u00e9motions \u00e0 vivre sur grand \u00e9cran<\/strong>\u00a0et de <strong>rendez-vous cin\u00e9matographiques \u00e0 ne pas manquer.<\/strong>\u00a0<\/p>\n<p><img loading=\"lazy\" decoding=\"async\" width=\"819\" height=\"1024\" src=\"https:\/\/www.europesays.com\/fr\/wp-content\/uploads\/2026\/01\/best_of_kinepolis_2025_02-819x1024.jpg\" alt=\"\" class=\"wp-image-89509\" style=\"aspect-ratio:0.7997918796140248;width:350px\"  \/><\/p>\n<p>D\u00e9couvrez la Liste des films \u00e0 5\u20ac* :<br \/><strong><img loading=\"lazy\" decoding=\"async\" data-lazy-src=\"https:\/\/www.europesays.com\/fr\/wp-content\/uploads\/2025\/04\/arrow.png\" width=\"9\" height=\"9\" class=\" size-full wp-image-45 lazyloaded\" src=\"https:\/\/www.europesays.com\/fr\/wp-content\/uploads\/2025\/04\/arrow.png\" alt=\"\"\/><\/strong> <strong>Muganga \u2013 Celui qui soigne<\/strong><br \/><strong><img loading=\"lazy\" decoding=\"async\" data-lazy-src=\"https:\/\/www.europesays.com\/fr\/wp-content\/uploads\/2025\/04\/arrow.png\" width=\"9\" height=\"9\" class=\" size-full wp-image-45 lazyloaded\" src=\"https:\/\/www.europesays.com\/fr\/wp-content\/uploads\/2025\/04\/arrow.png\" alt=\"\"\/><\/strong> <strong>Un simple accident<\/strong><br \/><strong><img loading=\"lazy\" decoding=\"async\" data-lazy-src=\"https:\/\/www.europesays.com\/fr\/wp-content\/uploads\/2025\/04\/arrow.png\" width=\"9\" height=\"9\" class=\" size-full wp-image-45 lazyloaded\" src=\"https:\/\/www.europesays.com\/fr\/wp-content\/uploads\/2025\/04\/arrow.png\" alt=\"\"\/> Un ours dans le Jura<br \/><img loading=\"lazy\" decoding=\"async\" data-lazy-src=\"https:\/\/www.europesays.com\/fr\/wp-content\/uploads\/2025\/04\/arrow.png\" width=\"9\" height=\"9\" class=\" size-full wp-image-45 lazyloaded\" src=\"https:\/\/www.europesays.com\/fr\/wp-content\/uploads\/2025\/04\/arrow.png\" alt=\"\"\/> La femme la plus riche du monde<\/strong><br \/><strong><img loading=\"lazy\" decoding=\"async\" data-lazy-src=\"https:\/\/www.europesays.com\/fr\/wp-content\/uploads\/2025\/04\/arrow.png\" width=\"9\" height=\"9\" class=\" size-full wp-image-45 lazyloaded\" src=\"https:\/\/www.europesays.com\/fr\/wp-content\/uploads\/2025\/04\/arrow.png\" alt=\"\"\/> On ira<br \/><img loading=\"lazy\" decoding=\"async\" data-lazy-src=\"https:\/\/www.europesays.com\/fr\/wp-content\/uploads\/2025\/04\/arrow.png\" width=\"9\" height=\"9\" class=\" size-full wp-image-45 lazyloaded\" src=\"https:\/\/www.europesays.com\/fr\/wp-content\/uploads\/2025\/04\/arrow.png\" alt=\"\"\/><\/strong> <strong>Une bataille apr\u00e8s l\u2019autre<\/strong><br \/><strong><img loading=\"lazy\" decoding=\"async\" data-lazy-src=\"https:\/\/www.europesays.com\/fr\/wp-content\/uploads\/2025\/04\/arrow.png\" width=\"9\" height=\"9\" class=\" size-full wp-image-45 lazyloaded\" src=\"https:\/\/www.europesays.com\/fr\/wp-content\/uploads\/2025\/04\/arrow.png\" alt=\"\"\/><\/strong> <strong>The Brutalist<\/strong><br \/><strong><img loading=\"lazy\" decoding=\"async\" data-lazy-src=\"https:\/\/www.europesays.com\/fr\/wp-content\/uploads\/2025\/04\/arrow.png\" width=\"9\" height=\"9\" class=\" size-full wp-image-45 lazyloaded\" src=\"https:\/\/www.europesays.com\/fr\/wp-content\/uploads\/2025\/04\/arrow.png\" alt=\"\"\/><\/strong> <strong>Sinners<\/strong><br \/><strong><img loading=\"lazy\" decoding=\"async\" data-lazy-src=\"https:\/\/www.europesays.com\/fr\/wp-content\/uploads\/2025\/04\/arrow.png\" width=\"9\" height=\"9\" class=\" size-full wp-image-45 lazyloaded\" src=\"https:\/\/www.europesays.com\/fr\/wp-content\/uploads\/2025\/04\/arrow.png\" alt=\"\"\/><\/strong> <strong>Ma M\u00e8re, Dieu et Sylvie Vartan<\/strong><br \/><strong><img loading=\"lazy\" decoding=\"async\" data-lazy-src=\"https:\/\/www.europesays.com\/fr\/wp-content\/uploads\/2025\/04\/arrow.png\" width=\"9\" height=\"9\" class=\" size-full wp-image-45 lazyloaded\" src=\"https:\/\/www.europesays.com\/fr\/wp-content\/uploads\/2025\/04\/arrow.png\" alt=\"\"\/><\/strong> <strong>L\u2019amour c\u2019est surc\u00f4t\u00e9<\/strong><br \/><strong><img loading=\"lazy\" decoding=\"async\" data-lazy-src=\"https:\/\/www.europesays.com\/fr\/wp-content\/uploads\/2025\/04\/arrow.png\" width=\"9\" height=\"9\" class=\" size-full wp-image-45 lazyloaded\" src=\"https:\/\/www.europesays.com\/fr\/wp-content\/uploads\/2025\/04\/arrow.png\" alt=\"\"\/><\/strong> <strong>F1<\/strong><br \/><strong><img loading=\"lazy\" decoding=\"async\" data-lazy-src=\"https:\/\/www.europesays.com\/fr\/wp-content\/uploads\/2025\/04\/arrow.png\" width=\"9\" height=\"9\" class=\" size-full wp-image-45 lazyloaded\" src=\"https:\/\/www.europesays.com\/fr\/wp-content\/uploads\/2025\/04\/arrow.png\" alt=\"\"\/><\/strong> <strong>Lilo &amp; Stitch<\/strong><br \/><strong><img loading=\"lazy\" decoding=\"async\" data-lazy-src=\"https:\/\/www.europesays.com\/fr\/wp-content\/uploads\/2025\/04\/arrow.png\" width=\"9\" height=\"9\" class=\" size-full wp-image-45 lazyloaded\" src=\"https:\/\/www.europesays.com\/fr\/wp-content\/uploads\/2025\/04\/arrow.png\" alt=\"\"\/><\/strong> <strong>Maria<\/strong><\/p>\n<p>*5 \u20ac la place pour les films en programmation dans le cadre du Festival Best Of, hors suppl\u00e9ments et \u00e9v\u00e9nements sp\u00e9ciaux.<\/p>\n<p><strong><img loading=\"lazy\" decoding=\"async\" data-lazy-src=\"https:\/\/www.europesays.com\/fr\/wp-content\/uploads\/2025\/04\/arrow.png\" width=\"9\" height=\"9\" class=\" size-full wp-image-45 lazyloaded\" src=\"https:\/\/www.europesays.com\/fr\/wp-content\/uploads\/2025\/04\/arrow.png\" alt=\"\"\/> <\/strong><a href=\"https:\/\/kinepolis.fr\/content\/festival-best-2025\/\" target=\"_blank\" rel=\"noreferrer noopener\">Films \u00e0 l\u2019affiche \u00e0 Kinepolis Lomme<\/a><\/p>\n<p class=\"has-text-align-right\">Source &amp; image : DR \u2013 \u00a9 Kinepolis<\/p>\n","protected":false},"excerpt":{"rendered":"Du 07 au 20 janvier 2026, Kinepolis Lomme vous invite \u00e0 (re)vivre les films qui ont fait vibrer&hellip;\n","protected":false},"author":2,"featured_media":636380,"comment_status":"","ping_status":"","sticky":false,"template":"","format":"standard","meta":{"footnotes":""},"categories":[2815],"tags":[17,1111,11,650,1777,674,74375,1346,1011,27,811,13735,13736,1307,12,13737,25],"class_list":{"0":"post-636379","1":"post","2":"type-post","3":"status-publish","4":"format-standard","5":"has-post-thumbnail","7":"category-lille","8":"tag-17","9":"tag-actu","10":"tag-actualites","11":"tag-cinema","12":"tag-eu","13":"tag-europe","14":"tag-festival-best-of-2025","15":"tag-films","16":"tag-fr","17":"tag-france","18":"tag-hauts-de-france","19":"tag-kinepolis","20":"tag-kinepolis-lomme","21":"tag-lille","22":"tag-news","23":"tag-projection","24":"tag-republique-francaise"},"share_on_mastodon":{"url":"https:\/\/pubeurope.com\/@fr\/115826071618102345","error":""},"_links":{"self":[{"href":"https:\/\/www.europesays.com\/fr\/wp-json\/wp\/v2\/posts\/636379","targetHints":{"allow":["GET"]}}],"collection":[{"href":"https:\/\/www.europesays.com\/fr\/wp-json\/wp\/v2\/posts"}],"about":[{"href":"https:\/\/www.europesays.com\/fr\/wp-json\/wp\/v2\/types\/post"}],"author":[{"embeddable":true,"href":"https:\/\/www.europesays.com\/fr\/wp-json\/wp\/v2\/users\/2"}],"replies":[{"embeddable":true,"href":"https:\/\/www.europesays.com\/fr\/wp-json\/wp\/v2\/comments?post=636379"}],"version-history":[{"count":0,"href":"https:\/\/www.europesays.com\/fr\/wp-json\/wp\/v2\/posts\/636379\/revisions"}],"wp:featuredmedia":[{"embeddable":true,"href":"https:\/\/www.europesays.com\/fr\/wp-json\/wp\/v2\/media\/636380"}],"wp:attachment":[{"href":"https:\/\/www.europesays.com\/fr\/wp-json\/wp\/v2\/media?parent=636379"}],"wp:term":[{"taxonomy":"category","embeddable":true,"href":"https:\/\/www.europesays.com\/fr\/wp-json\/wp\/v2\/categories?post=636379"},{"taxonomy":"post_tag","embeddable":true,"href":"https:\/\/www.europesays.com\/fr\/wp-json\/wp\/v2\/tags?post=636379"}],"curies":[{"name":"wp","href":"https:\/\/api.w.org\/{rel}","templated":true}]}}