{"id":636381,"date":"2026-01-02T14:52:10","date_gmt":"2026-01-02T14:52:10","guid":{"rendered":"https:\/\/www.europesays.com\/fr\/636381\/"},"modified":"2026-01-02T14:52:10","modified_gmt":"2026-01-02T14:52:10","slug":"stade-rennais-fc-j17-trois-absents-pour-le-deplacement-a-lille","status":"publish","type":"post","link":"https:\/\/www.europesays.com\/fr\/636381\/","title":{"rendered":"Stade Rennais FC &#8211; J17 : Trois absents pour le d\u00e9placement \u00e0 Lille"},"content":{"rendered":"<p><strong>Ce samedi \u00e0 21h05, le Stade Rennais se d\u00e9place sur la<br \/>\npelouse du LOSC dans le cadre de la dix-septi\u00e8me journ\u00e9e de Ligue<br \/>\n1. Trois Bretons ne seront pas du d\u00e9placement dans le<br \/>\nNord.\u00a0<\/strong><\/p>\n<p>Depuis plusieurs semaines, les week-ends sourient aux hommes<br \/>\nd\u2019Habib Beye. Proche d\u2019un licenciement en octobre dernier, le<br \/>\ntechnicien rennais a su redresser la barre. Forts de six victoires<br \/>\nlors de leurs sept derni\u00e8res rencontres, les Rouge et Noir abordent<br \/>\ncette affiche avec confiance. Pr\u00e9sent en conf\u00e9rence de presse ce<br \/>\nvendredi, l\u2019entra\u00eeneur a confirm\u00e9 l\u2019absence de trois \u00e9l\u00e9ments pour<br \/>\nce d\u00e9placement.<\/p>\n<p><strong>Abdelhamid A\u00eft Boudlal<\/strong> (Maroc), <strong>Seko<br \/>\nFofana<\/strong> (C\u00f4te d\u2019Ivoire) et <strong>Mahamadou<br \/>\nNadiga<\/strong> (Cameroun) sont toujours engag\u00e9s en Coupe d\u2019Afrique<br \/>\ndes Nations 2025 et seront indisponibles pour ce match. Longtemps<br \/>\nincertain, Przemyslaw Frankowski est en revanche apte et devrait<br \/>\nbien figurer dans le groupe.<\/p>\n<blockquote class=\"twitter-tweet\" data-width=\"550\" data-dnt=\"true\">\n<p lang=\"fr\" dir=\"ltr\">Aucun absent c\u00f4t\u00e9 rennais a part les 3<br \/>\njoueurs toujours \u00e0 la CAN (Fofana, Ait-Boudlal, Nagida). Frankowski<br \/>\npr\u00eat \u00e0 d\u00e9buter, le Polonais a repris l\u2019entra\u00eenement 2 jours avant<br \/>\nle reste du groupe pour \u00eatre apte. <a href=\"https:\/\/twitter.com\/hashtag\/SRFC?src=hash&amp;ref_src=twsrc%5Etfw\" target=\"_blank\" rel=\"noopener\"><br \/>\n#SRFC<\/a><\/p>\n<p>\u2014 Fran\u00e7ois Rauzy (@RauzyFrancois) <a href=\"https:\/\/twitter.com\/RauzyFrancois\/status\/2007046350551327182?ref_src=twsrc%5Etfw\" target=\"_blank\" rel=\"noopener\"><br \/>\nJanuary 2, 2026<\/a><\/p>\n<\/blockquote>\n<p>  <script async src=\"https:\/\/platform.twitter.com\/widgets.js\" charset=\"utf-8\"><\/script><\/p>\n","protected":false},"excerpt":{"rendered":"Ce samedi \u00e0 21h05, le Stade Rennais se d\u00e9place sur la pelouse du LOSC dans le cadre de&hellip;\n","protected":false},"author":2,"featured_media":593431,"comment_status":"","ping_status":"","sticky":false,"template":"","format":"standard","meta":{"footnotes":""},"categories":[2815],"tags":[1111,11,1777,674,1011,27,811,1307,12,25],"class_list":{"0":"post-636381","1":"post","2":"type-post","3":"status-publish","4":"format-standard","5":"has-post-thumbnail","7":"category-lille","8":"tag-actu","9":"tag-actualites","10":"tag-eu","11":"tag-europe","12":"tag-fr","13":"tag-france","14":"tag-hauts-de-france","15":"tag-lille","16":"tag-news","17":"tag-republique-francaise"},"share_on_mastodon":{"url":"https:\/\/pubeurope.com\/@fr\/115826074888878989","error":""},"_links":{"self":[{"href":"https:\/\/www.europesays.com\/fr\/wp-json\/wp\/v2\/posts\/636381","targetHints":{"allow":["GET"]}}],"collection":[{"href":"https:\/\/www.europesays.com\/fr\/wp-json\/wp\/v2\/posts"}],"about":[{"href":"https:\/\/www.europesays.com\/fr\/wp-json\/wp\/v2\/types\/post"}],"author":[{"embeddable":true,"href":"https:\/\/www.europesays.com\/fr\/wp-json\/wp\/v2\/users\/2"}],"replies":[{"embeddable":true,"href":"https:\/\/www.europesays.com\/fr\/wp-json\/wp\/v2\/comments?post=636381"}],"version-history":[{"count":0,"href":"https:\/\/www.europesays.com\/fr\/wp-json\/wp\/v2\/posts\/636381\/revisions"}],"wp:featuredmedia":[{"embeddable":true,"href":"https:\/\/www.europesays.com\/fr\/wp-json\/wp\/v2\/media\/593431"}],"wp:attachment":[{"href":"https:\/\/www.europesays.com\/fr\/wp-json\/wp\/v2\/media?parent=636381"}],"wp:term":[{"taxonomy":"category","embeddable":true,"href":"https:\/\/www.europesays.com\/fr\/wp-json\/wp\/v2\/categories?post=636381"},{"taxonomy":"post_tag","embeddable":true,"href":"https:\/\/www.europesays.com\/fr\/wp-json\/wp\/v2\/tags?post=636381"}],"curies":[{"name":"wp","href":"https:\/\/api.w.org\/{rel}","templated":true}]}}