{"id":636382,"date":"2026-01-02T14:53:09","date_gmt":"2026-01-02T14:53:09","guid":{"rendered":"https:\/\/www.europesays.com\/fr\/636382\/"},"modified":"2026-01-02T14:53:09","modified_gmt":"2026-01-02T14:53:09","slug":"marseille-pagaille-attendue-sur-les-routes-pour-le-retour-des-vacances-voici-quand-partir","status":"publish","type":"post","link":"https:\/\/www.europesays.com\/fr\/636382\/","title":{"rendered":"Marseille. Pagaille attendue sur les routes pour le retour des vacances : voici quand partir"},"content":{"rendered":"<p>                    Par<br \/>\n        <strong><br \/>\n            <a href=\"https:\/\/actu.fr\/auteur\/fabien-binacchi\" title=\"Consulter tous les articles de Fabien Binacchi\" target=\"_blank\" rel=\"noopener\">Fabien Binacchi<\/a><br \/>\n                    <\/strong><\/p>\n<p>        Publi\u00e9 le<\/p>\n<p>            2 janv. 2026 \u00e0 13h36        <\/p>\n<p>L\u2019heure du retour a sonn\u00e9 apr\u00e8s les f\u00eates. Le trafic routier promet d\u2019\u00eatre dense pour ce premier week-end de 2026. \u00ab\u2009La <a href=\"https:\/\/actu.fr\/tag\/circulation\" target=\"_blank\" rel=\"noopener\">circulation<\/a> devrait \u00eatre <strong>charg\u00e9e aux abords des grandes agglom\u00e9rations<\/strong>\u2009\u00bb et notamment celle de <a href=\"https:\/\/actu.fr\/marseille\/\" target=\"_blank\" rel=\"noopener\">Marseille,<\/a> pr\u00e9vient Vinci autoroutes.<\/p>\n<p class=\" wall-content\">Voici \u00e0 quoi s\u2019attendre.<\/p>\n<p>Des cr\u00e9neaux \u00e0 \u00e9viter<\/p>\n<p class=\" wall-content\">Le gestionnaire du r\u00e9seau autoroutier pr\u00e9vient\u2009: \u00ab\u2009de nombreux retours sont attendus d\u00e8s le vendredi\u00a02 [apr\u00e8s-midi] et <strong>jusqu\u2019au dimanche 4\u00a0janvier 2026<\/strong> dans la vall\u00e9e du Rh\u00f4ne\u2009\u00bb.<\/p>\n<p class=\" wall-content\">Si les trois jours concern\u00e9s sont class\u00e9s verts par Bison Fut\u00e9, des ralentissements sont tout de m\u00eame \u00e0 pr\u00e9voir. Sur l\u2019A7, le trafic en direction de Marseille sera particuli\u00e8rement dense <strong>\u00e0 partir de 15h et jusqu\u2019\u00e0 17h ce vendredi.<\/strong> Samedi et dimanche, c\u2019est entre 14h et 18h que la circulation sera la plus dense. Sur ces deux jours-l\u00e0, en direction de Lyon, les flux seront \u00e9galement soutenus entre 11h et 17h. Mieux vaut donc \u00e9viter ces cr\u00e9neaux-l\u00e0.<\/p>\n<p>Autour d\u2019Aix-en-Provence, Marseille, Nice, Toulon<\/p>\n<p class=\" wall-content\">\u00c0 l\u2019\u00e9chelle de la r\u00e9gion, \u00ab\u2009des perturbations sont \u00e0 pr\u00e9voir, notamment \u00e0 l\u2019approche et en sortie des grandes agglom\u00e9rations [Aix-en-Provence, Marseille, Nice, Toulon] sur les autoroutes <strong>A8, A50, A52, A51 et A57<\/strong>\u2009\u00bb, pr\u00e9vient encore Vinci autoroutes.<\/p>\n<blockquote class=\"ac-article-quote wall-content\">\n<p>Afin de b\u00e9n\u00e9ficier des meilleures conditions de circulation, Vinci Autoroutes<br \/>\nrecommande de bien s&rsquo;informer avant de prendre la route.<\/p>\n<p>    <strong\/>\n            <\/p><\/blockquote>\n<p class=\" wall-content\">Pour se renseigner sur les conditions de circulation, il est conseill\u00e9 aux usagers de la route de se brancher sur <strong>Radio VINCI Autoroutes (107.7),<\/strong> sur <a href=\"https:\/\/www.vinci-autoroutes.com\/fr\/autoroutes-temps-reel\/\" target=\"_blank\" rel=\"noopener\">le site Internet<\/a> ou encore sur <a href=\"https:\/\/www.facebook.com\/VINCIAutoroutes\" target=\"_blank\" rel=\"noopener\">les r\u00e9seaux sociaux<\/a> du gestionnaire du r\u00e9seau.<\/p>\n<p class=\" wall-content\">Personnalisez votre actualit\u00e9 en ajoutant vos villes et m\u00e9dias en favori avec <a href=\"https:\/\/moncompte.actu.fr\" title=\"D\u00e9couvez Mon Actu\" rel=\"nofollow noopener\" data-trk=\"{&quot;cta&quot;:{&quot;action&quot;:&quot;https:\\\/\\\/moncompte.actu.fr&quot;,&quot;category&quot;:&quot;mon compte&quot;,&quot;from&quot;:&quot;article footer&quot;,&quot;name&quot;:&quot;Mon actu&quot;,&quot;type&quot;:&quot;cta&quot;}}\" target=\"_blank\">Mon Actu<\/a>.<\/p>\n","protected":false},"excerpt":{"rendered":"Par Fabien Binacchi Publi\u00e9 le 2 janv. 2026 \u00e0 13h36 L\u2019heure du retour a sonn\u00e9 apr\u00e8s les f\u00eates.&hellip;\n","protected":false},"author":2,"featured_media":636383,"comment_status":"","ping_status":"","sticky":false,"template":"","format":"standard","meta":{"footnotes":""},"categories":[2814],"tags":[1111,11,6423,5397,3542,1777,674,1011,27,884,12,882,25,104],"class_list":{"0":"post-636382","1":"post","2":"type-post","3":"status-publish","4":"format-standard","5":"has-post-thumbnail","7":"category-marseille","8":"tag-actu","9":"tag-actualites","10":"tag-autoroute-7-a7","11":"tag-autoroute-8-a8","12":"tag-circulation","13":"tag-eu","14":"tag-europe","15":"tag-fr","16":"tag-france","17":"tag-marseille","18":"tag-news","19":"tag-provence-alpes-cote-dazur","20":"tag-republique-francaise","21":"tag-societe"},"share_on_mastodon":{"url":"https:\/\/pubeurope.com\/@fr\/115826078863333932","error":""},"_links":{"self":[{"href":"https:\/\/www.europesays.com\/fr\/wp-json\/wp\/v2\/posts\/636382","targetHints":{"allow":["GET"]}}],"collection":[{"href":"https:\/\/www.europesays.com\/fr\/wp-json\/wp\/v2\/posts"}],"about":[{"href":"https:\/\/www.europesays.com\/fr\/wp-json\/wp\/v2\/types\/post"}],"author":[{"embeddable":true,"href":"https:\/\/www.europesays.com\/fr\/wp-json\/wp\/v2\/users\/2"}],"replies":[{"embeddable":true,"href":"https:\/\/www.europesays.com\/fr\/wp-json\/wp\/v2\/comments?post=636382"}],"version-history":[{"count":0,"href":"https:\/\/www.europesays.com\/fr\/wp-json\/wp\/v2\/posts\/636382\/revisions"}],"wp:featuredmedia":[{"embeddable":true,"href":"https:\/\/www.europesays.com\/fr\/wp-json\/wp\/v2\/media\/636383"}],"wp:attachment":[{"href":"https:\/\/www.europesays.com\/fr\/wp-json\/wp\/v2\/media?parent=636382"}],"wp:term":[{"taxonomy":"category","embeddable":true,"href":"https:\/\/www.europesays.com\/fr\/wp-json\/wp\/v2\/categories?post=636382"},{"taxonomy":"post_tag","embeddable":true,"href":"https:\/\/www.europesays.com\/fr\/wp-json\/wp\/v2\/tags?post=636382"}],"curies":[{"name":"wp","href":"https:\/\/api.w.org\/{rel}","templated":true}]}}