{"id":636384,"date":"2026-01-02T14:54:12","date_gmt":"2026-01-02T14:54:12","guid":{"rendered":"https:\/\/www.europesays.com\/fr\/636384\/"},"modified":"2026-01-02T14:54:12","modified_gmt":"2026-01-02T14:54:12","slug":"vieux-port-major-saint-loup-attention-des-tunnels-ferment-la-nuit-la-semaine-prochaine","status":"publish","type":"post","link":"https:\/\/www.europesays.com\/fr\/636384\/","title":{"rendered":"Vieux-Port, Major, Saint-Loup&#8230; attention, des tunnels ferment la nuit la semaine prochaine"},"content":{"rendered":"<p>C&rsquo;est la reprise pour tout le monde, y compris pour les \u00e9quipes de maintenance de la voirie. Si vous avez l&rsquo;habitude de circuler tard le soir ou tr\u00e8s t\u00f4t le matin dans Marseille, prenez vos pr\u00e9cautions. La M\u00e9tropole Aix-Marseille-Provence annonce une s\u00e9rie de fermetures nocturnes dans les tunnels urbains du lundi 5 au vendredi 9 janvier 2026.<\/p>\n<p class=\"ng-star-inserted\">Pour garantir la s\u00e9curit\u00e9 des usagers et conserver les \u00e9quipements dans un \u00e9tat optimal, les tunnels marseillais doivent r\u00e9guli\u00e8rement fermer leurs portes. La semaine prochaine, ce sont principalement les tunnels du littoral et du centre-ville qui sont concern\u00e9s, ainsi que celui de Saint-Loup en fin de semaine.<\/p>\n<p class=\"ng-star-inserted\">Voici le programme d\u00e9taill\u00e9 pour ne pas vous retrouver bloqu\u00e9 devant une barri\u00e8re baiss\u00e9e :<\/p>\n<p class=\"ng-star-inserted\">\u00a0<\/p>\n<p>Lundi 5 et mercredi 7 janvier : fermeture \u00e0 22h00<\/p>\n<p class=\"ng-star-inserted\">Pour les nuits du\u00a0<strong class=\"ng-star-inserted\">lundi 5 au mardi 6<\/strong>\u00a0et du\u00a0<strong class=\"ng-star-inserted\">mercredi 7 au jeudi 8 janvier<\/strong>, la circulation sera coup\u00e9e de\u00a0<strong class=\"ng-star-inserted\">22h00 \u00e0 05h30<\/strong>\u00a0dans :<\/p>\n<p>\u00a0<\/p>\n<p>Mardi 6 janvier : fermeture anticip\u00e9e \u00e0 21h00<\/p>\n<p class=\"ng-star-inserted\">Attention, pour la nuit du\u00a0<strong class=\"ng-star-inserted\">mardi 6 au mercredi 7 janvier<\/strong>, les travaux commenceront plus t\u00f4t. Les fermetures seront effectives d\u00e8s\u00a0<strong class=\"ng-star-inserted\">21h00<\/strong>\u00a0(jusqu&rsquo;\u00e0 05h30 le lendemain matin) pour :<\/p>\n<p>\u00a0<\/p>\n<p>Jeudi 8 janvier : au tour de Saint-Loup<\/p>\n<p class=\"ng-star-inserted\">Enfin, pour la nuit du\u00a0<strong class=\"ng-star-inserted\">jeudi 8 au vendredi 9 janvier<\/strong>, le chantier se d\u00e9place \u00e0 l&rsquo;Est de la ville.<br class=\"ng-star-inserted\"\/>C&rsquo;est le\u00a0<strong class=\"ng-star-inserted\">Tunnel Saint-Loup<\/strong>\u00a0qui sera ferm\u00e9 \u00e0 la circulation de\u00a0<strong class=\"ng-star-inserted\">21h00 \u00e0 05h30<\/strong>.<\/p>\n<p class=\"ng-star-inserted\"><a href=\"https:\/\/ampmetropole.fr\/mes-demarches\/fermetures-programmees-des-tunnels%20supervisees-par-%20la-metropole\/\" target=\"_blank\" rel=\"noopener\">La M\u00e9tropole<\/a> rappelle que ces ouvrages restent g\u00e9n\u00e9ralement ouverts les nuits de week-end (vendredi soir, samedi soir) pour ne pas g\u00eaner les sorties et la vie nocturne des Marseillais.<\/p>\n","protected":false},"excerpt":{"rendered":"C&rsquo;est la reprise pour tout le monde, y compris pour les \u00e9quipes de maintenance de la voirie. Si&hellip;\n","protected":false},"author":2,"featured_media":636385,"comment_status":"","ping_status":"","sticky":false,"template":"","format":"standard","meta":{"footnotes":""},"categories":[2814],"tags":[1111,11,1777,674,1011,27,884,12,882,25,209,17374],"class_list":{"0":"post-636384","1":"post","2":"type-post","3":"status-publish","4":"format-standard","5":"has-post-thumbnail","7":"category-marseille","8":"tag-actu","9":"tag-actualites","10":"tag-eu","11":"tag-europe","12":"tag-fr","13":"tag-france","14":"tag-marseille","15":"tag-news","16":"tag-provence-alpes-cote-dazur","17":"tag-republique-francaise","18":"tag-route","19":"tag-tunnel"},"share_on_mastodon":{"url":"https:\/\/pubeurope.com\/@fr\/115826082806592463","error":""},"_links":{"self":[{"href":"https:\/\/www.europesays.com\/fr\/wp-json\/wp\/v2\/posts\/636384","targetHints":{"allow":["GET"]}}],"collection":[{"href":"https:\/\/www.europesays.com\/fr\/wp-json\/wp\/v2\/posts"}],"about":[{"href":"https:\/\/www.europesays.com\/fr\/wp-json\/wp\/v2\/types\/post"}],"author":[{"embeddable":true,"href":"https:\/\/www.europesays.com\/fr\/wp-json\/wp\/v2\/users\/2"}],"replies":[{"embeddable":true,"href":"https:\/\/www.europesays.com\/fr\/wp-json\/wp\/v2\/comments?post=636384"}],"version-history":[{"count":0,"href":"https:\/\/www.europesays.com\/fr\/wp-json\/wp\/v2\/posts\/636384\/revisions"}],"wp:featuredmedia":[{"embeddable":true,"href":"https:\/\/www.europesays.com\/fr\/wp-json\/wp\/v2\/media\/636385"}],"wp:attachment":[{"href":"https:\/\/www.europesays.com\/fr\/wp-json\/wp\/v2\/media?parent=636384"}],"wp:term":[{"taxonomy":"category","embeddable":true,"href":"https:\/\/www.europesays.com\/fr\/wp-json\/wp\/v2\/categories?post=636384"},{"taxonomy":"post_tag","embeddable":true,"href":"https:\/\/www.europesays.com\/fr\/wp-json\/wp\/v2\/tags?post=636384"}],"curies":[{"name":"wp","href":"https:\/\/api.w.org\/{rel}","templated":true}]}}