{"id":636392,"date":"2026-01-02T14:59:10","date_gmt":"2026-01-02T14:59:10","guid":{"rendered":"https:\/\/www.europesays.com\/fr\/636392\/"},"modified":"2026-01-02T14:59:10","modified_gmt":"2026-01-02T14:59:10","slug":"une-personne-retrouvee-morte-dans-une-voie-souterraine-une-enquete-ouverte","status":"publish","type":"post","link":"https:\/\/www.europesays.com\/fr\/636392\/","title":{"rendered":"une personne retrouv\u00e9e morte dans une voie souterraine, une enqu\u00eate ouverte"},"content":{"rendered":"<p>                    Par<br \/>\n        <strong><br \/>\n            <a href=\"https:\/\/actu.fr\/auteur\/sarah-coulet\" title=\"Consulter tous les articles de Sarah Coulet\" target=\"_blank\" rel=\"noopener\">Sarah Coulet<\/a><br \/>\n                    <\/strong><\/p>\n<p>        Publi\u00e9 le<\/p>\n<p>            2 janv. 2026 \u00e0 15h40        <\/p>\n<p>L\u2019alerte a \u00e9t\u00e9 donn\u00e9e par un passant. Jeudi 1er janvier 2026, le 115 a re\u00e7u un appel signalant une personne en <strong>d\u00e9tresse<\/strong> au niveau de la voie souterraine des Olympiades dans le 13\u1d49 arrondissement de Paris, a appris actu, aupr\u00e8s du <a href=\"https:\/\/actu.fr\/tag\/tribunal-de-paris\" target=\"_blank\" rel=\"noopener\">parquet<\/a>, confirmant une information du <a href=\"https:\/\/www.leparisien.fr\/paris-75\/paris-une-personne-sans-abri-retrouvee-morte-sous-la-dalle-des-olympiades-02-01-2026-YFI5Y2W5XFCMPMOOV6Z2FFLUYU.php\" target=\"_blank\" rel=\"noopener\">Parisien<\/a>.<\/p>\n<p>Les secours n\u2019ont pas pu r\u00e9animer<\/p>\n<p class=\" wall-content\">Les secours ont \u00e9t\u00e9 rapidement envoy\u00e9s sur place, mais les pompiers de Paris n\u2019ont pu que constater le <strong>d\u00e9c\u00e8s de la personne<\/strong> dont l\u2019identit\u00e9 reste \u00e0 d\u00e9terminer. Une enqu\u00eate pour d\u00e9terminer les causes de la mort a \u00e9t\u00e9 ouverte et confi\u00e9e au commissariat du 13\u1d49 arrondissement de Paris. Selon les informations du Parisien, la victime serait \u00e2g\u00e9e d\u2019une cinquantaine d\u2019ann\u00e9es et sans domicile fixe.<\/p>\n<p class=\" wall-content\">Au d\u00e9but du mois de d\u00e9cembre 2025, une enqu\u00eate a \u00e9t\u00e9 ouverte apr\u00e8s la mort de <a href=\"https:\/\/actu.fr\/ile-de-france\/paris_75056\/paris-une-enquete-ouverte-apres-la-mort-de-trois-sdf-en-une-semaine_63516515.html\" target=\"_blank\" rel=\"noopener\">trois personnes sans-abri<\/a> en une semaine. Les investigations devaient permettre de <strong>d\u00e9terminer les causes de la mort<\/strong> et de rechercher l\u2019identit\u00e9 des personnes d\u00e9c\u00e9d\u00e9es.<\/p>\n<p class=\" wall-content\">Personnalisez votre actualit\u00e9 en ajoutant vos villes et m\u00e9dias en favori avec <a href=\"https:\/\/moncompte.actu.fr\" title=\"D\u00e9couvez Mon Actu\" rel=\"nofollow noopener\" data-trk=\"{&quot;cta&quot;:{&quot;action&quot;:&quot;https:\\\/\\\/moncompte.actu.fr&quot;,&quot;category&quot;:&quot;mon compte&quot;,&quot;from&quot;:&quot;article footer&quot;,&quot;name&quot;:&quot;Mon actu&quot;,&quot;type&quot;:&quot;cta&quot;}}\" target=\"_blank\">Mon Actu<\/a>.<\/p>\n","protected":false},"excerpt":{"rendered":"Par Sarah Coulet Publi\u00e9 le 2 janv. 2026 \u00e0 15h40 L\u2019alerte a \u00e9t\u00e9 donn\u00e9e par un passant. Jeudi&hellip;\n","protected":false},"author":2,"featured_media":636393,"comment_status":"","ping_status":"","sticky":false,"template":"","format":"standard","meta":{"footnotes":""},"categories":[1888],"tags":[1111,1928,11,1927,1777,674,118,1011,27,3447,12,1926,626,1925,25,4595],"class_list":{"0":"post-636392","1":"post","2":"type-post","3":"status-publish","4":"format-standard","5":"has-post-thumbnail","7":"category-paris","8":"tag-actu","9":"tag-actu-paris","10":"tag-actualites","11":"tag-actualites-paris","12":"tag-eu","13":"tag-europe","14":"tag-faits-divers","15":"tag-fr","16":"tag-france","17":"tag-froid","18":"tag-news","19":"tag-news-paris","20":"tag-paris","21":"tag-paris-news","22":"tag-republique-francaise","23":"tag-tribunal-de-paris"},"share_on_mastodon":{"url":"https:\/\/pubeurope.com\/@fr\/115826102298222312","error":""},"_links":{"self":[{"href":"https:\/\/www.europesays.com\/fr\/wp-json\/wp\/v2\/posts\/636392","targetHints":{"allow":["GET"]}}],"collection":[{"href":"https:\/\/www.europesays.com\/fr\/wp-json\/wp\/v2\/posts"}],"about":[{"href":"https:\/\/www.europesays.com\/fr\/wp-json\/wp\/v2\/types\/post"}],"author":[{"embeddable":true,"href":"https:\/\/www.europesays.com\/fr\/wp-json\/wp\/v2\/users\/2"}],"replies":[{"embeddable":true,"href":"https:\/\/www.europesays.com\/fr\/wp-json\/wp\/v2\/comments?post=636392"}],"version-history":[{"count":0,"href":"https:\/\/www.europesays.com\/fr\/wp-json\/wp\/v2\/posts\/636392\/revisions"}],"wp:featuredmedia":[{"embeddable":true,"href":"https:\/\/www.europesays.com\/fr\/wp-json\/wp\/v2\/media\/636393"}],"wp:attachment":[{"href":"https:\/\/www.europesays.com\/fr\/wp-json\/wp\/v2\/media?parent=636392"}],"wp:term":[{"taxonomy":"category","embeddable":true,"href":"https:\/\/www.europesays.com\/fr\/wp-json\/wp\/v2\/categories?post=636392"},{"taxonomy":"post_tag","embeddable":true,"href":"https:\/\/www.europesays.com\/fr\/wp-json\/wp\/v2\/tags?post=636392"}],"curies":[{"name":"wp","href":"https:\/\/api.w.org\/{rel}","templated":true}]}}