{"id":636396,"date":"2026-01-02T15:04:12","date_gmt":"2026-01-02T15:04:12","guid":{"rendered":"https:\/\/www.europesays.com\/fr\/636396\/"},"modified":"2026-01-02T15:04:12","modified_gmt":"2026-01-02T15:04:12","slug":"6-massages-corps-a-tester-dans-les-plus-beaux-hotels-de-paris-en-2026","status":"publish","type":"post","link":"https:\/\/www.europesays.com\/fr\/636396\/","title":{"rendered":"6 massages corps \u00e0 tester dans les plus beaux h\u00f4tels de Paris en 2026"},"content":{"rendered":"<p>Entre deux d\u00e9fil\u00e9s, les mannequins n\u2019h\u00e9sitent pas \u00e0 r\u00e9server des massages dans les spas des <a href=\"https:\/\/www.vogue.fr\/dossier\/hotels\" isautogenerated=\"true\" target=\"_blank\" rel=\"noopener\">h\u00f4tels<\/a> parisiens pendant le marathon de la <a href=\"https:\/\/www.vogue.fr\/dossier\/fashion-week\" isautogenerated=\"true\" target=\"_blank\" rel=\"noopener\">Fashion Week<\/a>. Quels sont les plus pris\u00e9s pour s&rsquo;offrir une bulle de <a href=\"https:\/\/www.vogue.fr\/dossier\/bien-etre\" isautogenerated=\"true\" target=\"_blank\" rel=\"noopener\">bien-\u00eatre<\/a> r\u00e9g\u00e9n\u00e9rante ?<\/p>\n<p>1\/ Le massage lymphatique Renata Fran\u00e7a au Spa Valmont pour Le Meurice<\/p>\n<p>Pratima Teyssier, experte depuis 18 ans au <a href=\"https:\/\/www.vogue.fr\/dossier\/spa\" isautogenerated=\"true\" target=\"_blank\" rel=\"noopener\">Spa<\/a> Valmont pour Le Meurice\u2009: \u201cCette m\u00e9thode cr\u00e9\u00e9e par Renata Fran\u00e7a permet des r\u00e9sultats visibles instantan\u00e9ment\u2009: une silhouette redessin\u00e9e, des jambes affin\u00e9es et all\u00e9g\u00e9es, une circulation relanc\u00e9e. Le soin s\u2019articule autour d\u2019un pompage pour lib\u00e9rer les ganglions et n\u0153uds lymphatiques, dans un premier temps, puis d\u2019une phase de drainage pour \u00e9liminer l\u2019exc\u00e9dent de fluide et stimuler les syst\u00e8mes circulatoires (lymphatique et sanguin). R\u00e9sultats\u2009? Le syst\u00e8me de d\u00e9toxification du corps est relanc\u00e9, le syst\u00e8me immunitaire est boost\u00e9. Et avec eux, une sensation de bien-\u00eatre sans pareille. Vous serez surpris de voir que vos <a href=\"https:\/\/www.vogue.fr\/dossier\/chaussures\" isautogenerated=\"true\" target=\"_blank\" rel=\"noopener\">chaussures<\/a> vous \u00e9chappent en une s\u00e9ance seulement\u2009!\u201d<br \/>60 minutes, 260 euros, 6, rue de Castiglione, 75001 <a href=\"https:\/\/www.vogue.fr\/dossier\/paris\" isautogenerated=\"true\" target=\"_blank\" rel=\"noopener\">Paris<\/a>.<\/p>\n<p><img decoding=\"async\" alt=\"6 massages corps \u00e0 tester dans les plus beaux h\u00f4tels de Paris en 2026\" loading=\"lazy\" class=\"ResponsiveImageContainer-eNxvmU cfBbTk responsive-image__image\"   src=\"https:\/\/www.europesays.com\/fr\/wp-content\/uploads\/2026\/01\/spa-valmont-pour-le-meurice-single-room-HR-by-mark-read.jpg\"\/><\/p>\n<p>2\/ New Look au Dior Spa Plaza Ath\u00e9n\u00e9e<\/p>\n<p>Anne-Louise Pothier, Directrice Hospitality et Spa\u2009: \u201cLe <a href=\"https:\/\/www.vogue.fr\/dossier\/massage\" isautogenerated=\"true\" target=\"_blank\" rel=\"noopener\">massage<\/a> <a href=\"https:\/\/www.vogue.fr\/dossier\/minceur\" isautogenerated=\"true\" target=\"_blank\" rel=\"noopener\">minceur<\/a> New Look s\u2019inspire de l\u2019h\u00e9ritage couture de <a href=\"https:\/\/www.vogue.fr\/dossier\/dior\" isautogenerated=\"true\" target=\"_blank\" rel=\"noopener\">Dior<\/a>, et plus particuli\u00e8rement du New Look, symbole d\u2019une silhouette f\u00e9minine sublim\u00e9e et sculpt\u00e9e. Ce soin corporel embl\u00e9matique traduit cette vision en <a href=\"https:\/\/www.vogue.fr\/dossier\/art\" isautogenerated=\"true\" target=\"_blank\" rel=\"noopener\">art<\/a> du bien-\u00eatre\u2009: il associe gestes experts, pr\u00e9cision millim\u00e9tr\u00e9e et ma\u00eetrise du mouvement pour redessiner le corps comme on sculpte une pi\u00e8ce de haute couture. Ce rituel hautement technique agit en profondeur sur les tissus cutan\u00e9s et musculaires gr\u00e2ce \u00e0 une succession de gestes pr\u00e9cis, dynamiques et cibl\u00e9s\u2009: 1\/ Un massage d\u00e9toxifiant du ventre qui stimule les organes internes et le syst\u00e8me lymphatique pour un drainage profond et une action r\u00e9\u00e9quilibrante sur les syst\u00e8mes nerveux et digestif. 2\/ Des techniques drainantes et tonifiantes via des mouvements rythmiques favorisent la circulation des fluides et la d\u00e9sinfiltration des tissus, tout en redonnant l\u00e9g\u00e8ret\u00e9 et vitalit\u00e9 au corps. 3\/ Des gestes sculptants et anti-cellulite, soit des pressions fermes, des p\u00e9trissages et lissages pr\u00e9cis ciblent les zones de d\u00e9p\u00f4ts graisseux pour lisser les irr\u00e9gularit\u00e9s et raffermir les contours. Les r\u00e9sultats sont visibles d\u00e8s la fin du soin\u2009: la silhouette est redessin\u00e9e, plus tonique et harmonieuse. L\u2019\u00e9nergie circule \u00e0 nouveau librement, procurant une sensation de bien-\u00eatre global alli\u00e9e \u00e0 une d\u00e9tente profonde.\u201d<br \/>60 minutes, 280 euros et 90 minutes, 340 euros, 25 avenue Montaigne, 75008 Paris.<\/p>\n","protected":false},"excerpt":{"rendered":"Entre deux d\u00e9fil\u00e9s, les mannequins n\u2019h\u00e9sitent pas \u00e0 r\u00e9server des massages dans les spas des h\u00f4tels parisiens pendant&hellip;\n","protected":false},"author":2,"featured_media":636397,"comment_status":"","ping_status":"","sticky":false,"template":"","format":"standard","meta":{"footnotes":""},"categories":[1888],"tags":[11,4983,1777,674,1011,27,12,626,25,18730],"class_list":{"0":"post-636396","1":"post","2":"type-post","3":"status-publish","4":"format-standard","5":"has-post-thumbnail","7":"category-paris","8":"tag-actualites","9":"tag-bien-etre","10":"tag-eu","11":"tag-europe","12":"tag-fr","13":"tag-france","14":"tag-news","15":"tag-paris","16":"tag-republique-francaise","17":"tag-spa"},"share_on_mastodon":{"url":"https:\/\/pubeurope.com\/@fr\/115826121968987785","error":""},"_links":{"self":[{"href":"https:\/\/www.europesays.com\/fr\/wp-json\/wp\/v2\/posts\/636396","targetHints":{"allow":["GET"]}}],"collection":[{"href":"https:\/\/www.europesays.com\/fr\/wp-json\/wp\/v2\/posts"}],"about":[{"href":"https:\/\/www.europesays.com\/fr\/wp-json\/wp\/v2\/types\/post"}],"author":[{"embeddable":true,"href":"https:\/\/www.europesays.com\/fr\/wp-json\/wp\/v2\/users\/2"}],"replies":[{"embeddable":true,"href":"https:\/\/www.europesays.com\/fr\/wp-json\/wp\/v2\/comments?post=636396"}],"version-history":[{"count":0,"href":"https:\/\/www.europesays.com\/fr\/wp-json\/wp\/v2\/posts\/636396\/revisions"}],"wp:featuredmedia":[{"embeddable":true,"href":"https:\/\/www.europesays.com\/fr\/wp-json\/wp\/v2\/media\/636397"}],"wp:attachment":[{"href":"https:\/\/www.europesays.com\/fr\/wp-json\/wp\/v2\/media?parent=636396"}],"wp:term":[{"taxonomy":"category","embeddable":true,"href":"https:\/\/www.europesays.com\/fr\/wp-json\/wp\/v2\/categories?post=636396"},{"taxonomy":"post_tag","embeddable":true,"href":"https:\/\/www.europesays.com\/fr\/wp-json\/wp\/v2\/tags?post=636396"}],"curies":[{"name":"wp","href":"https:\/\/api.w.org\/{rel}","templated":true}]}}