{"id":636402,"date":"2026-01-02T15:07:11","date_gmt":"2026-01-02T15:07:11","guid":{"rendered":"https:\/\/www.europesays.com\/fr\/636402\/"},"modified":"2026-01-02T15:07:11","modified_gmt":"2026-01-02T15:07:11","slug":"ukraine-importante-attaque-de-drones-russes-dans-la-region-de-zaporijja","status":"publish","type":"post","link":"https:\/\/www.europesays.com\/fr\/636402\/","title":{"rendered":"Ukraine : importante attaque de drones russes dans la r\u00e9gion de Zaporijja"},"content":{"rendered":"<p>\n  Par&amp;nbsp<b>Euronews<\/b>\n<\/p>\n<p>\n         Publi\u00e9 le<br \/>\n            02\/01\/2026 &#8211; 14:40 UTC+1\n            <\/p>\n<p>La Russie a men\u00e9 ce que les autorit\u00e9s locales ont appel\u00e9 \u00ab\u00a0l&rsquo;une des attaques de drones les plus massives\u00a0\u00bb \u00e0 Zaporijjia dans la nuit de vendredi \u00e0 samedi, poursuivant ses attaques contre les infrastructures civiles et \u00e9nerg\u00e9tiques de l&rsquo;Ukraine.<\/p>\n<p>Au moins neuf drones russes ont frapp\u00e9 la ville, endommageant des dizaines de b\u00e2timents r\u00e9sidentiels et d&rsquo;autres infrastructures civiles, a \u00e9crit le chef de l&rsquo;administration r\u00e9gionale, Ivan Fedorov, sur Telegram vendredi. Il n&rsquo;y a pas eu de victimes, a pr\u00e9cis\u00e9 le responsable.<\/p>\n<p>Au total, la Russie a tir\u00e9 116 drones \u00e0 longue port\u00e9e sur l&rsquo;Ukraine la nuit derni\u00e8re, selon l&rsquo;arm\u00e9e de l&rsquo;air ukrainienne, qui a d\u00e9clar\u00e9 que 86 drones avaient \u00e9t\u00e9 intercept\u00e9s et que 27 autres avaient atteint leur cible.<\/p>\n<p>La veille, le jour du Nouvel An, le Kremlin a lanc\u00e9 plus de 200 attaques de drones pour \u00ab\u00a0faire entrer la guerre dans la nouvelle ann\u00e9e\u00a0\u00bb, a d\u00e9clar\u00e9 le pr\u00e9sident ukrainien Volodymyr Zelensky, qui a appel\u00e9 \u00e0 un soutien suppl\u00e9mentaire pour que son pays soit \u00e9quip\u00e9 pour continuer \u00e0 se d\u00e9fendre et \u00e0 d\u00e9fendre son peuple.<\/p>\n<p>\u00ab\u00a0Les massacres doivent cesser &#8211; il ne peut y avoir de pause dans la protection de la vie humaine. Si les frappes ne cessent pas, m\u00eame pendant les f\u00eates de fin d&rsquo;ann\u00e9e, les livraisons de mat\u00e9riel de d\u00e9fense a\u00e9rienne ne peuvent pas \u00eatre retard\u00e9es. Nos alli\u00e9s disposent des rares \u00e9quipements n\u00e9cessaires\u00a0\u00bb.<\/p>\n<p>Volodymyr Zelensky a annonc\u00e9 vendredi qu&rsquo;une s\u00e9rie de r\u00e9unions, y compris des discussions au plus haut niveau dans le cadre de la \u00ab\u00a0Coalition des volontaires\u00a0\u00bb, devraient avoir lieu dans les prochains jours, l&rsquo;Europe cherchant \u00e0 renforcer les d\u00e9fenses de l&rsquo;Ukraine contre les attaques russes et \u00e0 discuter de la strat\u00e9gie \u00e0 adopter dans le cadre des pourparlers de paix en cours.<\/p>\n<p>Les accusations de Moscou se poursuivent<\/p>\n<p>L&rsquo;arm\u00e9e ukrainienne a d\u00e9clar\u00e9 vendredi qu&rsquo;elle n&rsquo;avait frapp\u00e9 que des \u00ab\u00a0cibles militaires\u00a0\u00bb, un jour apr\u00e8s que la Russie a accus\u00e9 Kyiv d&rsquo;avoir tir\u00e9 avec des drones sur un h\u00f4tel et un caf\u00e9 dans le sud occup\u00e9 de l&rsquo;Ukraine, tuant 27 personnes.<\/p>\n<p>Dans des commentaires adress\u00e9s \u00e0 l&rsquo;AFP, le porte-parole de l&rsquo;arm\u00e9e ukrainienne, Dmytro Lykhoviy, a accus\u00e9 la Russie de recourir de mani\u00e8re r\u00e9p\u00e9t\u00e9e \u00e0 la \u00ab\u00a0d\u00e9sinformation et aux fausses d\u00e9clarations\u00a0\u00bb.<\/p>\n<p>\u00ab\u00a0Les forces de d\u00e9fense ukrainiennes adh\u00e8rent aux normes du droit humanitaire international et frappent exclusivement des cibles militaires ennemies\u00a0\u00bb, a-t-il d\u00e9clar\u00e9.<\/p>\n<p>Sources additionnelles<strong> \u2022 AP, AFP<\/strong><\/p>\n","protected":false},"excerpt":{"rendered":"Par&amp;nbspEuronews Publi\u00e9 le 02\/01\/2026 &#8211; 14:40 UTC+1 La Russie a men\u00e9 ce que les autorit\u00e9s locales ont appel\u00e9&hellip;\n","protected":false},"author":2,"featured_media":636403,"comment_status":"","ping_status":"","sticky":false,"template":"","format":"standard","meta":{"footnotes":""},"categories":[1590],"tags":[11,2024,1777,674,2025,12,220,71189],"class_list":{"0":"post-636402","1":"post","2":"type-post","3":"status-publish","4":"format-standard","5":"has-post-thumbnail","7":"category-ukraine","8":"tag-actualites","9":"tag-drones","10":"tag-eu","11":"tag-europe","12":"tag-invasion-de-la-russie-en-ukraine","13":"tag-news","14":"tag-ukraine","15":"tag-zaporojie"},"share_on_mastodon":{"url":"https:\/\/pubeurope.com\/@fr\/115826133955851575","error":""},"_links":{"self":[{"href":"https:\/\/www.europesays.com\/fr\/wp-json\/wp\/v2\/posts\/636402","targetHints":{"allow":["GET"]}}],"collection":[{"href":"https:\/\/www.europesays.com\/fr\/wp-json\/wp\/v2\/posts"}],"about":[{"href":"https:\/\/www.europesays.com\/fr\/wp-json\/wp\/v2\/types\/post"}],"author":[{"embeddable":true,"href":"https:\/\/www.europesays.com\/fr\/wp-json\/wp\/v2\/users\/2"}],"replies":[{"embeddable":true,"href":"https:\/\/www.europesays.com\/fr\/wp-json\/wp\/v2\/comments?post=636402"}],"version-history":[{"count":0,"href":"https:\/\/www.europesays.com\/fr\/wp-json\/wp\/v2\/posts\/636402\/revisions"}],"wp:featuredmedia":[{"embeddable":true,"href":"https:\/\/www.europesays.com\/fr\/wp-json\/wp\/v2\/media\/636403"}],"wp:attachment":[{"href":"https:\/\/www.europesays.com\/fr\/wp-json\/wp\/v2\/media?parent=636402"}],"wp:term":[{"taxonomy":"category","embeddable":true,"href":"https:\/\/www.europesays.com\/fr\/wp-json\/wp\/v2\/categories?post=636402"},{"taxonomy":"post_tag","embeddable":true,"href":"https:\/\/www.europesays.com\/fr\/wp-json\/wp\/v2\/tags?post=636402"}],"curies":[{"name":"wp","href":"https:\/\/api.w.org\/{rel}","templated":true}]}}