{"id":636404,"date":"2026-01-02T15:08:11","date_gmt":"2026-01-02T15:08:11","guid":{"rendered":"https:\/\/www.europesays.com\/fr\/636404\/"},"modified":"2026-01-02T15:08:11","modified_gmt":"2026-01-02T15:08:11","slug":"un-randonneur-de-19-ans-meurt-apres-une-chute-de-150-metres","status":"publish","type":"post","link":"https:\/\/www.europesays.com\/fr\/636404\/","title":{"rendered":"Un randonneur de 19 ans meurt apr\u00e8s une chute de 150 m\u00e8tres"},"content":{"rendered":"<p>Trois <a href=\"https:\/\/www.20minutes.fr\/dossier\/randonnee\" class=\"c-link c-link--is-underlined\" target=\"_blank\" rel=\"noopener\">randonneurs<\/a> ont \u00e9t\u00e9 retrouv\u00e9s morts sur le mont Baldy, en <a href=\"https:\/\/www.20minutes.fr\/dossier\/californie\" class=\"c-link c-link--is-underlined\" target=\"_blank\" rel=\"noopener\">Californie<\/a> (<a href=\"https:\/\/www.20minutes.fr\/monde\/etats-unis\/\" class=\"c-link c-link--is-underlined\" target=\"_blank\" rel=\"noopener\">Etats-Unis<\/a>). Si deux des corps n\u2019ont pas encore pu \u00eatre identifi\u00e9s, le troisi\u00e8me est celui d\u2019un jeune homme de 19 ans originaire de Seal Beach, rapporte <a href=\"https:\/\/abc7.com\/post\/19-year-old-hiker-found-dead-mount-baldy-identified-marcus-alexander-muench-casanova-seal-beach\/18336457\/\" target=\"_blank\" class=\"c-link c-link--is-underlined\" rel=\"noopener\">ABC7<\/a>. \u00ab\u00a0Nous sommes d\u00e9vast\u00e9s [\u2026] Il est difficile d\u2019expliquer la douleur et l\u2019angoisse que nous ressentons\u00a0\u00bb, a d\u00e9clar\u00e9 la famille dans un communiqu\u00e9.<\/p>\n<p>La victime a \u00e9t\u00e9 d\u00e9crite par ses proches comme \u00ab\u00a0un jeune homme incroyablement gentil et empathique\u00a0\u00bb. Il venait d\u2019obtenir son dipl\u00f4me au lyc\u00e9e et \u00e9tait depuis la rentr\u00e9e en premi\u00e8re ann\u00e9e \u00e0 la facult\u00e9 de commerce de l\u2019universit\u00e9 de Santa Clara. Il \u00e9tait par ailleurs passionn\u00e9 de voile et d\u2019activit\u00e9s en plein air.<\/p>\n<p>Des sentiers temporairement ferm\u00e9s<\/p>\n<p>Le Californien \u00e9tait parti randonner lundi avec un ami. D\u2019apr\u00e8s les premiers \u00e9l\u00e9ments, il a fait une chute d\u2019environ 150 m\u00e8tres en suivant un sentier qui m\u00e8ne jusqu\u2019au mont Baldy, le sommet des monts San Gabriel culminant \u00e0 plus de 3.000 m\u00e8tres d\u2019altitude. En raison des vents violents qui soufflent dans le massif, les secours n\u2019ont pu r\u00e9cup\u00e9rer son corps que le lendemain.<\/p>\n<p>La mort des trois randonneurs a\u00a0donn\u00e9 lieu \u00e0 la fermeture temporaire des sentiers menant au mont Baldy jusqu\u2019au 7\u00a0janvier, a annonc\u00e9 le Service forestier am\u00e9ricain. \u00ab\u00a0Les tragiques pertes humaines sur le mont Baldy et les interventions r\u00e9p\u00e9t\u00e9es des secours soulignent \u00e0 quel point les conditions actuelles sont dangereuses, m\u00eame pour les randonneurs exp\u00e9riment\u00e9s\u00a0\u00bb, a indiqu\u00e9 Shannon Dicus, le sh\u00e9rif du comt\u00e9 de San Bernardino.<\/p>\n<\/p>\n<p>Comme le rappelle la <a href=\"https:\/\/www.bbc.com\/news\/articles\/crrnlw4rxeyo\" target=\"_blank\" class=\"c-link c-link--is-underlined\" rel=\"noopener\">BBC<\/a>, le mont Baldy est consid\u00e9r\u00e9 comme l\u2019une des montagnes les plus dangereuses \u00e0 escalader en Californie du Sud.\u00a0Cinq autres randonneurs ont d\u00fb \u00eatre secourus dans la montagne en moins d\u2019une semaine. Au total, plus de 14 personnes sont mortes sur cette montagne depuis\u00a02020, et plus de 100 personnes ont \u00e9t\u00e9 secourues.\u00a0C\u2019est sur ce m\u00eame sentier appr\u00e9ci\u00e9 par les amateurs de sensations fortes qu\u2019est <a href=\"https:\/\/www.20minutes.fr\/culture\/4043273-20230628-disparition-julian-sands-corps-retrouve-californie-bien-celui-acteur\" class=\"c-link c-link--is-underlined\" target=\"_blank\" rel=\"noopener\">mort l\u2019acteur Julian Sands en janvier\u00a02023<\/a>.<\/p>\n","protected":false},"excerpt":{"rendered":"Trois randonneurs ont \u00e9t\u00e9 retrouv\u00e9s morts sur le mont Baldy, en Californie (Etats-Unis). Si deux des corps n\u2019ont&hellip;\n","protected":false},"author":2,"featured_media":636405,"comment_status":"","ping_status":"","sticky":false,"template":"","format":"standard","meta":{"footnotes":""},"categories":[1589],"tags":[47,11,2139,73,1866,118,74,12,7553,1864,1865,1863,308],"class_list":{"0":"post-636404","1":"post","2":"type-post","3":"status-publish","4":"format-standard","5":"has-post-thumbnail","7":"category-etats-unis","8":"tag-actualite","9":"tag-actualites","10":"tag-californie","11":"tag-etats-unis","12":"tag-etats-unis-damerique","13":"tag-faits-divers","14":"tag-monde","15":"tag-news","16":"tag-randonnee","17":"tag-united-states","18":"tag-united-states-of-america","19":"tag-us","20":"tag-usa"},"share_on_mastodon":{"url":"https:\/\/pubeurope.com\/@fr\/115826137959384148","error":""},"_links":{"self":[{"href":"https:\/\/www.europesays.com\/fr\/wp-json\/wp\/v2\/posts\/636404","targetHints":{"allow":["GET"]}}],"collection":[{"href":"https:\/\/www.europesays.com\/fr\/wp-json\/wp\/v2\/posts"}],"about":[{"href":"https:\/\/www.europesays.com\/fr\/wp-json\/wp\/v2\/types\/post"}],"author":[{"embeddable":true,"href":"https:\/\/www.europesays.com\/fr\/wp-json\/wp\/v2\/users\/2"}],"replies":[{"embeddable":true,"href":"https:\/\/www.europesays.com\/fr\/wp-json\/wp\/v2\/comments?post=636404"}],"version-history":[{"count":0,"href":"https:\/\/www.europesays.com\/fr\/wp-json\/wp\/v2\/posts\/636404\/revisions"}],"wp:featuredmedia":[{"embeddable":true,"href":"https:\/\/www.europesays.com\/fr\/wp-json\/wp\/v2\/media\/636405"}],"wp:attachment":[{"href":"https:\/\/www.europesays.com\/fr\/wp-json\/wp\/v2\/media?parent=636404"}],"wp:term":[{"taxonomy":"category","embeddable":true,"href":"https:\/\/www.europesays.com\/fr\/wp-json\/wp\/v2\/categories?post=636404"},{"taxonomy":"post_tag","embeddable":true,"href":"https:\/\/www.europesays.com\/fr\/wp-json\/wp\/v2\/tags?post=636404"}],"curies":[{"name":"wp","href":"https:\/\/api.w.org\/{rel}","templated":true}]}}