{"id":636406,"date":"2026-01-02T15:09:13","date_gmt":"2026-01-02T15:09:13","guid":{"rendered":"https:\/\/www.europesays.com\/fr\/636406\/"},"modified":"2026-01-02T15:09:13","modified_gmt":"2026-01-02T15:09:13","slug":"premieres-images-du-documentaire-sur-lecologie-de-charles-iii","status":"publish","type":"post","link":"https:\/\/www.europesays.com\/fr\/636406\/","title":{"rendered":"Premi\u00e8res images du documentaire sur l\u2019\u00e9cologie de Charles III"},"content":{"rendered":"<p>Plus de cinquante ann\u00e9es d\u2019engagement pour d\u00e9fendre la compl\u00e9mentarit\u00e9 n\u00e9cessaire entre l\u2019homme et la nature. <strong>L\u2019int\u00e9r\u00eat de <\/strong><a target=\"_blank\" href=\"https:\/\/www.pointdevue.fr\/grand-angle\/biographies\/charles-iii\" rel=\"noopener\"><strong>Charles III<\/strong><\/a><strong> pour l\u2019\u00e9cologie a toujours d\u00e9pass\u00e9 le cadre royal. C\u2019est le fil conducteur du documentaire produit par Amazon, qui revient sur la cr\u00e9ation et l\u2019\u00e9volution de The King\u2019s Foundation.<\/strong><\/p>\n<p>Cr\u00e9\u00e9e en 1990 sous le nom de The Prince of Wales\u2019s Institute of Architecture, elle a \u00e9largi son champ d\u2019action, de l\u2019\u00e9cologie \u00e0 l\u2019\u00e9ducation, en passant par l\u2019artisanat et l\u2019agriculture. Rebaptis\u00e9e The King\u2019s Foundation apr\u00e8s l\u2019accession de Charles au tr\u00f4ne, elle offre des programmes de formation \u00e0 plus de 15 000 \u00e9tudiants chaque ann\u00e9e et d\u00e9veloppe des projets et des partenariats avec plus de 30 pays.<\/p>\n<p><img decoding=\"async\" src=\"https:\/\/www.europesays.com\/fr\/wp-content\/uploads\/2026\/01\/ABACA_807988_001bKg456xByT.jpg\" alt=\"Charles, alors prince de Galles, \u00e0 Dumfries house, en avril 2022.\"\/><strong>Charles, alors prince de Galles, \u00e0 Dumfries house, en avril 2022.<\/strong> \u00a9 Milligan Andrew\/PA Photos\/ABACA<\/p>\n<p>Le documentaire d\u2019Amazon Prime, <strong>dont vous trouverez <\/strong><a target=\"_blank\" href=\"https:\/\/www.youtube.com\/watch?v=R_jBf5_h7U0&amp;t=10s\" rel=\"noopener\"><strong>les premi\u00e8res images ici<\/strong><\/a>, \u00a0trouve son origine dans un livre publi\u00e9 par Charles, alors prince de Galles, en 2010. Harmony: A New Way of Looking at Our World (Harmonie : une nouvelle fa\u00e7on de regarder notre monde), \u00e9crit en collaboration avec l\u2019environnementaliste Anthony Juniper et Ian Kelly, journaliste \u00e0 la BBC. Le tournage a eu lieu \u00e0 Dumfries House, le si\u00e8ge \u00e9cossais de la fondation, ainsi qu\u2019\u00e0 Highgrove, la r\u00e9sidence de Charles III dans le Gloucestershire.<\/p>\n<p>\u00a0<\/p>\n<p><img decoding=\"async\" src=\"https:\/\/www.europesays.com\/fr\/wp-content\/uploads\/2026\/01\/ABACA_792537_003B1KDefruoH.jpg\" alt=\"Le prince Charles en Amazonie en 2017.\"\/><strong>Le prince Charles en Amazonie en 2017.<\/strong> \u00a9 News Licensing\/ABACA<\/p>\n<p>Ce film d\u2019Amazon Prime a pour objectif de \u00ab\u00a0montrer, et non de raconter\u00a0\u00bb comment les id\u00e9es du roi et de sa fondation peuvent \u00eatre mises en pratique au profit de l\u2019environnement. Au cours du film, le roi Charles rappelle sa philosophie : \u00ab\u00a0Je pense que nous devons rechercher l\u2019harmonie si nous voulons que cette plan\u00e8te puisse accueillir autant d\u2019\u00eatres humains. (\u2026) Nous sommes nous-m\u00eames la nature. Nous en faisons partie. Nous n\u2019en sommes pas s\u00e9par\u00e9s.\u00a0\u00bb \u00c9galement interrog\u00e9, Anthony Juniper rappelle l\u2019\u00e9nergie d\u00e9ploy\u00e9e par Charles pour son engagement\u00a0: \u00ab\u00a0Il a travaill\u00e9 avec des gens, avec des organisations, les r\u00e9unissant, organisant des discussions, mettant en place ses propres initiatives, attirant l\u2019attention sur les bonnes pratiques, \u00e9crivant des livres et r\u00e9alisant maintenant un film. Et je pense que nous lui devons beaucoup.\u00a0\u00bb<\/p>\n<p><img decoding=\"async\" src=\"https:\/\/www.europesays.com\/fr\/wp-content\/uploads\/2026\/01\/ABACA_122404_05rvHzKVmCr0.jpg\" alt=\"Le prince Charles, prince de Galles, dans le Wiltshire en 2017.\"\/><strong>Le prince Charles, prince de Galles, dans le Wiltshire en 2017.<\/strong> \u00a9 Batchelor Barry\/PA Photos\/ABACA<\/p>\n<p><strong>Diffus\u00e9 \u00e0 partir du 6 f\u00e9vrier 2026 sur la plateforme, avec l\u2019actrice Kate Winslet \u00e0 la narration, \u00ab\u00a0Trouver l\u2019Harmonie : la vision d\u2019un roi\u00a0\u00bb pr\u00e9c\u00e8de de plusieurs mois un autre documentaire. <\/strong>En effet, apr\u00e8s <a target=\"_blank\" href=\"https:\/\/www.pointdevue.fr\/grand-angle\/biographies\/prince-harry\" rel=\"noopener\">Harry<\/a> et <a target=\"_blank\" href=\"https:\/\/www.pointdevue.fr\/grand-angle\/biographies\/meghan-markle\" rel=\"noopener\">Meghan<\/a>, Netflix s\u2019offre Charles III avec un film c\u00e9l\u00e9brant les 50 ans du King\u2019s Trust, l\u2019organisme cr\u00e9\u00e9 par l&rsquo;ancien prince de Galles pour venir en aide aux jeunes de 11 \u00e0 30 ans, \u00e0 travers des bourses, des programmes d\u2019entrepreneuriat ou encore des actions de d\u00e9veloppement personnel. Pr\u00e9vu \u00e0 l\u2019automne, ce nouveau film continuera de mettre en avant les projets et la personnalit\u00e9 du monarque.<\/p>\n<p>Lire aussi &gt;&gt; <a target=\"_blank\" href=\"https:\/\/www.pointdevue.fr\/royal\/royaume-uni\/le-geant-amazon-soffre-le-roi-charles-iii\" rel=\"noopener\">Le g\u00e9ant Amazon s\u2019offre le roi Charles III<\/a><\/p>\n","protected":false},"excerpt":{"rendered":"Plus de cinquante ann\u00e9es d\u2019engagement pour d\u00e9fendre la compl\u00e9mentarit\u00e9 n\u00e9cessaire entre l\u2019homme et la nature. L\u2019int\u00e9r\u00eat de Charles&hellip;\n","protected":false},"author":2,"featured_media":636407,"comment_status":"","ping_status":"","sticky":false,"template":"","format":"standard","meta":{"footnotes":""},"categories":[1588],"tags":[11,1777,674,12,473,1853,1851,1850,1852],"class_list":{"0":"post-636406","1":"post","2":"type-post","3":"status-publish","4":"format-standard","5":"has-post-thumbnail","7":"category-royaume-uni","8":"tag-actualites","9":"tag-eu","10":"tag-europe","11":"tag-news","12":"tag-royaume-uni","13":"tag-royaume-uni-de-grande-bretagne-et-dirlande-du-nord","14":"tag-uk","15":"tag-united-kingdom","16":"tag-united-kingdom-of-great-britain-and-northern-ireland"},"share_on_mastodon":{"url":"https:\/\/pubeurope.com\/@fr\/115826141905745772","error":""},"_links":{"self":[{"href":"https:\/\/www.europesays.com\/fr\/wp-json\/wp\/v2\/posts\/636406","targetHints":{"allow":["GET"]}}],"collection":[{"href":"https:\/\/www.europesays.com\/fr\/wp-json\/wp\/v2\/posts"}],"about":[{"href":"https:\/\/www.europesays.com\/fr\/wp-json\/wp\/v2\/types\/post"}],"author":[{"embeddable":true,"href":"https:\/\/www.europesays.com\/fr\/wp-json\/wp\/v2\/users\/2"}],"replies":[{"embeddable":true,"href":"https:\/\/www.europesays.com\/fr\/wp-json\/wp\/v2\/comments?post=636406"}],"version-history":[{"count":0,"href":"https:\/\/www.europesays.com\/fr\/wp-json\/wp\/v2\/posts\/636406\/revisions"}],"wp:featuredmedia":[{"embeddable":true,"href":"https:\/\/www.europesays.com\/fr\/wp-json\/wp\/v2\/media\/636407"}],"wp:attachment":[{"href":"https:\/\/www.europesays.com\/fr\/wp-json\/wp\/v2\/media?parent=636406"}],"wp:term":[{"taxonomy":"category","embeddable":true,"href":"https:\/\/www.europesays.com\/fr\/wp-json\/wp\/v2\/categories?post=636406"},{"taxonomy":"post_tag","embeddable":true,"href":"https:\/\/www.europesays.com\/fr\/wp-json\/wp\/v2\/tags?post=636406"}],"curies":[{"name":"wp","href":"https:\/\/api.w.org\/{rel}","templated":true}]}}