{"id":636411,"date":"2026-01-02T15:12:15","date_gmt":"2026-01-02T15:12:15","guid":{"rendered":"https:\/\/www.europesays.com\/fr\/636411\/"},"modified":"2026-01-02T15:12:15","modified_gmt":"2026-01-02T15:12:15","slug":"la-pologne-envisage-2026-avec-ambition-une-armee-plus-forte-des-liens-avec-lunion-europeenne-et-une-croissance-economique-business-am","status":"publish","type":"post","link":"https:\/\/www.europesays.com\/fr\/636411\/","title":{"rendered":"La Pologne envisage 2026 avec ambition : une arm\u00e9e plus forte, des liens avec l&rsquo;Union europ\u00e9enne et une croissance \u00e9conomique &#8211; Business AM"},"content":{"rendered":"<p>Principaux renseignements<\/p>\n<ul class=\"wp-block-list\">\n<li><strong>Le Premier ministre Donald Tusk souhaite que la Pologne dispose de l\u2019arm\u00e9e la plus puissante d\u2019Europe d\u2019ici 2026.<\/strong><\/li>\n<li><strong>Le gouvernement polonais pr\u00e9voit d\u2019augmenter les investissements dans les projets d\u2019infrastructure et d\u2019adopter une approche plus stricte en mati\u00e8re d\u2019application de la loi.<\/strong><\/li>\n<li><strong>Tusk a soulign\u00e9 les d\u00e9veloppements positifs dans les relations avec l\u2019UE, y compris le recouvrement de fonds importants pr\u00e9c\u00e9demment retenus.<\/strong><\/li>\n<\/ul>\n<p>Le Premier ministre polonais Donald Tusk a pr\u00e9sent\u00e9 des objectifs ambitieux pour 2026, qu\u2019il a qualifi\u00e9e d&rsquo;\u00a0\u00bbann\u00e9e de l\u2019acc\u00e9l\u00e9ration polonaise\u00a0\u00bb; Sa vision inclut la construction de ce qu\u2019il d\u00e9crit comme \u00ab\u00a0l\u2019arm\u00e9e la plus forte d\u2019Europe\u00a0\u00bb et l\u2019augmentation significative des investissements dans les <a href=\"https:\/\/fr.businessam.be\/projet-ambitieux-en-pologne-41-villes-reunies-en-une-megapole-plus-grande-que-londres\/\" target=\"_blank\" rel=\"noopener\">projets d\u2019infrastructure<\/a>.<\/p>\n<p>L\u2019accent mis sur la s\u00e9curit\u00e9 et l\u2019application de la loi<\/p>\n<p>Tusk a soulign\u00e9 l\u2019engagement du gouvernement \u00e0 renforcer la s\u00e9curit\u00e9 nationale et \u00e0 lutter contre les activit\u00e9s criminelles \u00e0 tous les niveaux. Il a promis une approche plus stricte de l\u2019application de la loi, promettant que ceux qui enfreignent la loi seront confront\u00e9s \u00e0 des cons\u00e9quences s\u00e9v\u00e8res. Il a souhait\u00e9 que la Pologne devienne un havre de paix pour ses citoyens et au-del\u00e0.<\/p>\n<p>En ce qui concerne l\u2019ann\u00e9e 2025, Tusk l\u2019a qualifi\u00e9e d\u2019ann\u00e9e charni\u00e8re pour la Pologne, dans un contexte d\u2019incertitude mondiale. Il a soulign\u00e9 les principales r\u00e9alisations telles qu\u2019une croissance \u00e9conomique solide, la ma\u00eetrise de l\u2019inflation, le lancement d\u2019investissements majeurs et l\u2019\u00e9limination des obstacles des ann\u00e9es pr\u00e9c\u00e9dentes.<\/p>\n<p>\u00c9volutions positives dans les relations avec l\u2019UE<\/p>\n<p>En outre, il a soulign\u00e9 les succ\u00e8s obtenus en mati\u00e8re de s\u00e9curit\u00e9 des fronti\u00e8res, l\u2019am\u00e9lioration des relations avec les partenaires europ\u00e9ens et le recouvrement de fonds importants pr\u00e9c\u00e9demment retenus par l\u2019UE.<\/p>\n<p>Le gouvernement centriste de Tusk s\u2019est efforc\u00e9 de r\u00e9tablir les relations de la Pologne avec Bruxelles, qui avaient \u00e9t\u00e9 tendues pendant le mandat du parti de droite Droit et Justice. Cet effort a permis de d\u00e9bloquer des milliards d\u2019euros de fonds europ\u00e9ens gel\u00e9s qui avaient \u00e9t\u00e9 retenus en raison de pr\u00e9occupations concernant le recul de la d\u00e9mocratie et l\u2019ind\u00e9pendance de la justice.<\/p>\n<p>Tusk a \u00e9galement not\u00e9 une tendance positive chez les Polonais qui avaient pr\u00e9c\u00e9demment \u00e9migr\u00e9 et qui <a href=\"https:\/\/fr.businessam.be\/la-pologne-connait-un-afflux-inattendu-de-refugies-en-provenance-deurope-occidentale\/\" target=\"_blank\" rel=\"noopener\">rentrent chez eux<\/a>, attir\u00e9s par de meilleures perspectives \u00e9conomiques. Il s\u2019est dit convaincu que 2026 serait une nouvelle ann\u00e9e fructueuse pour la Pologne, qui f\u00eatera ses mille et un ans d\u2019existence en tant qu\u2019\u00c9tat. Il a m\u00eame encourag\u00e9 les autres nations europ\u00e9ennes \u00e0 suivre l\u2019exemple de la Pologne.<\/p>\n<p><a href=\"https:\/\/news.google.com\/publications\/CAowtseUCw?hl=fr&amp;gl=BE&amp;ceid=BE%3Afr\" target=\"_blank\" rel=\"noopener\">Suivez \u00e9galement Business AM sur Google Actualit\u00e9s<\/a><\/p>\n<p><a href=\"https:\/\/portalfr.businessam.be\/plans\/business-am-fr-offre-dete\/\" target=\"_blank\" rel=\"noopener\">Si vous souhaitez acc\u00e9der \u00e0 tous les articles, abonnez-vous ici!<\/a><\/p>\n","protected":false},"excerpt":{"rendered":"Principaux renseignements Le Premier ministre Donald Tusk souhaite que la Pologne dispose de l\u2019arm\u00e9e la plus puissante d\u2019Europe&hellip;\n","protected":false},"author":2,"featured_media":636412,"comment_status":"","ping_status":"","sticky":false,"template":"","format":"standard","meta":{"footnotes":""},"categories":[1586],"tags":[11,19429,1777,674,1779,1011,27,12,2437,25,1778,364],"class_list":{"0":"post-636411","1":"post","2":"type-post","3":"status-publish","4":"format-standard","5":"has-post-thumbnail","7":"category-europe","8":"tag-actualites","9":"tag-donald-tusk","10":"tag-eu","11":"tag-europe","12":"tag-european-union","13":"tag-fr","14":"tag-france","15":"tag-news","16":"tag-pologne","17":"tag-republique-francaise","18":"tag-ue","19":"tag-union-europeenne"},"share_on_mastodon":{"url":"https:\/\/pubeurope.com\/@fr\/115826153514229977","error":""},"_links":{"self":[{"href":"https:\/\/www.europesays.com\/fr\/wp-json\/wp\/v2\/posts\/636411","targetHints":{"allow":["GET"]}}],"collection":[{"href":"https:\/\/www.europesays.com\/fr\/wp-json\/wp\/v2\/posts"}],"about":[{"href":"https:\/\/www.europesays.com\/fr\/wp-json\/wp\/v2\/types\/post"}],"author":[{"embeddable":true,"href":"https:\/\/www.europesays.com\/fr\/wp-json\/wp\/v2\/users\/2"}],"replies":[{"embeddable":true,"href":"https:\/\/www.europesays.com\/fr\/wp-json\/wp\/v2\/comments?post=636411"}],"version-history":[{"count":0,"href":"https:\/\/www.europesays.com\/fr\/wp-json\/wp\/v2\/posts\/636411\/revisions"}],"wp:featuredmedia":[{"embeddable":true,"href":"https:\/\/www.europesays.com\/fr\/wp-json\/wp\/v2\/media\/636412"}],"wp:attachment":[{"href":"https:\/\/www.europesays.com\/fr\/wp-json\/wp\/v2\/media?parent=636411"}],"wp:term":[{"taxonomy":"category","embeddable":true,"href":"https:\/\/www.europesays.com\/fr\/wp-json\/wp\/v2\/categories?post=636411"},{"taxonomy":"post_tag","embeddable":true,"href":"https:\/\/www.europesays.com\/fr\/wp-json\/wp\/v2\/tags?post=636411"}],"curies":[{"name":"wp","href":"https:\/\/api.w.org\/{rel}","templated":true}]}}