{"id":636419,"date":"2026-01-02T15:19:12","date_gmt":"2026-01-02T15:19:12","guid":{"rendered":"https:\/\/www.europesays.com\/fr\/636419\/"},"modified":"2026-01-02T15:19:12","modified_gmt":"2026-01-02T15:19:12","slug":"tennis-lopen-du-ouen-toro-revient-avec-son-tableau-de-haut-niveau","status":"publish","type":"post","link":"https:\/\/www.europesays.com\/fr\/636419\/","title":{"rendered":"Tennis. L&rsquo;Open du Ouen Toro revient avec son tableau de haut niveau"},"content":{"rendered":"<p class=\"svelte-qfpp5o first-paragraph\">Une quarantaine de joueurs de tennis internationaux viennent lancer leur saison \u00e0 Noum\u00e9a. Les courts du Ouen Toro accueillent l&rsquo;Open BNC \u00e0 partir du dimanche 4 janvier. Au programme : sept jours rythm\u00e9s par des matchs en simple et en double. Cette comp\u00e9tition a souvent vu \u00e9clore les futures stars du circuit.<\/p>\n<p class=\"svelte-qfpp5o\">Id\u00e9alement plac\u00e9, deux semaines avant l&rsquo;Open d&rsquo;Australie, le tournoi cal\u00e9donien attire des joueurs de qualit\u00e9, qui tentent de se qualifier ou se de pr\u00e9parer pour le Grand Chelem.<\/p>\n<p class=\"svelte-qfpp5o\"><b>Le reportage d&rsquo;Erik Dufour et Brigitte Whaap.<\/b><\/p>\n<p>En route pour Melbourne<\/p>\n<p class=\"svelte-qfpp5o\">\u00ab\u00a0On a l&rsquo;habitude de l&rsquo;appeler Road to Melbourne, c\u2019est-\u00e0-dire que les joueurs viennent ici avec les m\u00eames balles que l&rsquo;Open d&rsquo;Australie, sur la m\u00eame surface, avec le m\u00eame d\u00e9calage horaire, la m\u00eame m\u00e9t\u00e9o&#8230;\u00a0\u00bb, liste Thomas Schwertz-Ford, directeur adjoint du tournoi.<\/p>\n<p class=\"svelte-qfpp5o\">Cette ann\u00e9e encore, les organisateurs du challenge ATP de Noum\u00e9a esp\u00e8rent voir s&rsquo;affronter des talents \u00e9mergents aux c\u00f4t\u00e9s de grands noms du tennis mondial. De nombreux joueurs pass\u00e9s par le Ouen-Toro ont connu de jolis parcours au tr\u00e8s haut niveau.<\/p>\n<p>Moerani Bouzige pour un nouvel exploit ?<\/p>\n<p class=\"svelte-qfpp5o\">Le public cal\u00e9donien pourra par exemple suivre Pierre-Hugues Herbert, ancien joueur du top 36 mondial, qui a remport\u00e9 tous les Grands Chelems en double. \u00ab\u00a0Mais on a aussi la pr\u00e9sence en qualification cette ann\u00e9e de Henri Bernay, un jeune pro de 18 ans qu&rsquo;il va falloir suivre. Il y a moyen qu&rsquo;il nous fasse quelque chose de sympa donc \u00e7a m\u00e9rite de le voir\u00a0\u00bb, explique Thomas Schwertz-Ford.<\/p>\n<p class=\"svelte-qfpp5o\">Maxime Chazal sera de retour, tout comme le finaliste de l&rsquo;ann\u00e9e derni\u00e8re : Moerani Bouzige. Le style de jeu du <a class=\"article-link svelte-123pfsg\" href=\"https:\/\/la1ere.franceinfo.fr\/nouvellecaledonie\/open-bnc-de-tennis-bouzige-le-aito-australien-en-finale-1550860.html\" target=\"_blank\" rel=\"noopener noreferrer nofollow\">Aito australien<\/a>, alors class\u00e9 571e mondial, avait conquis le public l&rsquo;an dernier. Le Cal\u00e9donien Jalane Sala\u00fcn b\u00e9n\u00e9ficiera quant \u00e0 lui d&rsquo;une invitation.<\/p>\n<p class=\"svelte-qfpp5o\">Qui succ\u00e9dera au Japonais Shintaro Mochizuki, le vainqueur de l&rsquo;\u00e9dition 2025, aujourd&rsquo;hui class\u00e9 99e mondial ? R\u00e9ponse le 10 janvier prochain \u00e0 l&rsquo;issue de la finale.<\/p>\n","protected":false},"excerpt":{"rendered":"Une quarantaine de joueurs de tennis internationaux viennent lancer leur saison \u00e0 Noum\u00e9a. Les courts du Ouen Toro&hellip;\n","protected":false},"author":2,"featured_media":636420,"comment_status":"","ping_status":"","sticky":false,"template":"","format":"standard","meta":{"footnotes":""},"categories":[1415],"tags":[1011,27,60,1467],"class_list":{"0":"post-636419","1":"post","2":"type-post","3":"status-publish","4":"format-standard","5":"has-post-thumbnail","7":"category-tennis","8":"tag-fr","9":"tag-france","10":"tag-sports","11":"tag-tennis"},"share_on_mastodon":{"url":"https:\/\/pubeurope.com\/@fr\/115826180939458555","error":""},"_links":{"self":[{"href":"https:\/\/www.europesays.com\/fr\/wp-json\/wp\/v2\/posts\/636419","targetHints":{"allow":["GET"]}}],"collection":[{"href":"https:\/\/www.europesays.com\/fr\/wp-json\/wp\/v2\/posts"}],"about":[{"href":"https:\/\/www.europesays.com\/fr\/wp-json\/wp\/v2\/types\/post"}],"author":[{"embeddable":true,"href":"https:\/\/www.europesays.com\/fr\/wp-json\/wp\/v2\/users\/2"}],"replies":[{"embeddable":true,"href":"https:\/\/www.europesays.com\/fr\/wp-json\/wp\/v2\/comments?post=636419"}],"version-history":[{"count":0,"href":"https:\/\/www.europesays.com\/fr\/wp-json\/wp\/v2\/posts\/636419\/revisions"}],"wp:featuredmedia":[{"embeddable":true,"href":"https:\/\/www.europesays.com\/fr\/wp-json\/wp\/v2\/media\/636420"}],"wp:attachment":[{"href":"https:\/\/www.europesays.com\/fr\/wp-json\/wp\/v2\/media?parent=636419"}],"wp:term":[{"taxonomy":"category","embeddable":true,"href":"https:\/\/www.europesays.com\/fr\/wp-json\/wp\/v2\/categories?post=636419"},{"taxonomy":"post_tag","embeddable":true,"href":"https:\/\/www.europesays.com\/fr\/wp-json\/wp\/v2\/tags?post=636419"}],"curies":[{"name":"wp","href":"https:\/\/api.w.org\/{rel}","templated":true}]}}