{"id":636425,"date":"2026-01-02T15:25:14","date_gmt":"2026-01-02T15:25:14","guid":{"rendered":"https:\/\/www.europesays.com\/fr\/636425\/"},"modified":"2026-01-02T15:25:14","modified_gmt":"2026-01-02T15:25:14","slug":"vacances-en-amoureux-sur-le-yacht-de-jeff-bezos","status":"publish","type":"post","link":"https:\/\/www.europesays.com\/fr\/636425\/","title":{"rendered":"vacances en amoureux sur le yacht de Jeff Bezos"},"content":{"rendered":"<p>                             Par L\u00e9a Mabilon<\/p>\n<p>                Le 2 janvier 2026 \u00e0 12h41<\/p>\n<p>                                    <img decoding=\"async\" src=\"https:\/\/www.europesays.com\/fr\/wp-content\/uploads\/2026\/01\/01da5e3450d9bf02cb9421e42e25727189f040248e10b4b54532a0549d0e23cf.jpg\" alt=\"Pourquoi le mariage de Jeff Bezos et Lauren S\u00e1nchez fait-il couler autant d\u2019encre\u00a0?\" class=\"a11y-hidden\" fetchpriority=\"high\"\/><\/p>\n<p>\n    \u00c0 quelques jours de la nouvelle ann\u00e9e, l\u2019acteur et sa petite amie ont \u00e9t\u00e9 photographi\u00e9s \u00e0 bord du Koru, le superyacht de Jeff Bezos, au large de Saint-Barth\u00e9lemy. Une escapade qui continue de marquer l\u2019amiti\u00e9 entre l\u2019acteur et le fondateur d\u2019Amazon.<\/p>\n<p class=\"fig-paragraph\">Ces vacances ont tout pour faire grincer des dents. Ce mardi 30 d\u00e9cembre,\u00a0<a href=\"http:\/\/madame.lefigaro.fr\/celebrites\/culture\/ce-tres-rare-baiser-de-leonardo-dicaprio-et-vittoria-ceretti-apercus-pendant-une-balade-a-los-angeles-20251229\" data-fig-type=\"Article\" data-gtm-custom-categorie=\"navigation\" data-gtm-custom-action=\"crossclick\" data-gtm-custom-label=\"Contextuel\" data-gtm-event=\"customEventSPE\" data-fig-domain=\"MADAME\" target=\"_blank\" rel=\"noopener\">Leonardo DiCaprio<\/a>\u00a0et\u00a0<a href=\"http:\/\/madame.lefigaro.fr\/celebrites\/actu-people\/leonardo-dicaprio-et-vittoria-ceretti-l-amour-en-bikini-sur-un-yacht-en-espagne-20250818\" data-fig-type=\"Article\" data-gtm-custom-categorie=\"navigation\" data-gtm-custom-action=\"crossclick\" data-gtm-custom-label=\"Contextuel\" data-gtm-event=\"customEventSPE\" data-fig-domain=\"MADAME\" target=\"_blank\" rel=\"noopener\">Vittoria Ceretti<\/a>\u00a0ont \u00e9t\u00e9 photographi\u00e9s en pleine d\u00e9tente sur le superyacht de leurs amis\u00a0<a href=\"http:\/\/madame.lefigaro.fr\/celebrites\/actu-people\/les-vacances-d-hiver-bling-bling-de-jeff-bezos-et-lauren-sanchez-a-aspen-entre-viree-shopping-et-soiree-d-anniversaire-20251223\" data-fig-type=\"Article\" data-gtm-custom-categorie=\"navigation\" data-gtm-custom-action=\"crossclick\" data-gtm-custom-label=\"Contextuel\" data-gtm-event=\"customEventSPE\" data-fig-domain=\"MADAME\" target=\"_blank\" rel=\"noopener\">Jeff Bezos<\/a>\u00a0et Lauren Sanchez, au large de Saint-Barth\u00e9lemy. \u00c0 l\u2019aube de l\u2019ann\u00e9e 2026, l\u2019acteur de 51 ans et sa compagne de 27 ans ont ainsi troqu\u00e9 blousons de laine et engagements militants pour lunettes de soleil et maillots de bain, profitant du soleil des Cara\u00efbes \u00e0 bord d\u2019un navire estim\u00e9 \u00e0 250 millions de dollars.<\/p>\n<p class=\"fig-paragraph\">Sur les clich\u00e9s relay\u00e9s par\u00a0<a href=\"https:\/\/pagesix.com\/2026\/01\/01\/celebrity-news\/leonardo-dicaprio-and-girlfriend-party-with-jeff-bezos-and-bikini-clad-lauren-sanchez-on-250m-superyacht\/\" target=\"_blank\" rel=\"sponsored noopener\" data-gtm-custom-categorie=\"navigation\" data-gtm-custom-action=\"crossclick\" data-gtm-custom-label=\"Contextuel\" data-gtm-event=\"customEventSPE\">Page Six<\/a>, Vittoria Ceretti appara\u00eet tr\u00e8s proche de DiCaprio, la t\u00eate appuy\u00e9e contre son torse lors d\u2019un moment de repos, en t-shirt blanc, jupe marron et chapeau de paille. Lauren Sanchez, 56 ans, est \u00e9galement visible sur les clich\u00e9s, \u00e9changeant avec d\u2019autres invit\u00e9s, v\u00eatue d\u2019un bikini deux-pi\u00e8ces z\u00e9br\u00e9.<\/p>\n<p>                                                                <a class=\"fig-a11y-skip\" href=\"#fig-a11y-skip-main-inarticle\" data-module=\"a11y-skip\" data-context=\"was @visible\"><br \/>\n    Passer la publicit\u00e9<br \/>\n<\/a>            <\/p>\n<p>                                                                \u00abEcolo-hypocrite\u00bb<\/p>\n<p class=\"fig-paragraph\">L\u2019amiti\u00e9 entre Leonardo DiCaprio et le couple Bezos-S\u00e1nchez ne date pas d\u2019hier. L\u2019acteur a souvent \u00e9t\u00e9 photographi\u00e9 en leur compagnie ces derni\u00e8res ann\u00e9es et faisait d\u2019ailleurs partie des invit\u00e9s de leur fastueux mariage, c\u00e9l\u00e9br\u00e9 cet \u00e9t\u00e9 \u00e0 Venise. Ce n\u2019est pas non plus la premi\u00e8re fois qu\u2019il appara\u00eet \u00e0 bord du Koru, nom donn\u00e9 au superyacht du fondateur d\u2019Amazon.<\/p>\n<p class=\"fig-paragraph\">En ao\u00fbt dernier d\u00e9j\u00e0, il avait \u00e9t\u00e9 aper\u00e7u sur le palace flottant, d\u00e9clenchant une vague de critiques. Sur les r\u00e9seaux sociaux, plusieurs internautes avaient alors d\u00e9nonc\u00e9 un discours \u00e9cologique jug\u00e9 incompatible avec ce mode de vie, le targuant d\u2019\u00ab\u00e9colo-hypocrite\u00bb. \u00abFaisons tous notre part pour que Leo puisse continuer \u00e0 faire du yachting avec des pr\u00e9ados et des gar\u00e7ons chauves\u00bb, ironisait l\u2019un d\u2019eux. Et un autre d\u2019ajouter\u00a0: \u00abQuelqu\u2019un l\u2019a-t-il d\u00e9j\u00e0 pris au s\u00e9rieux en tant qu\u2019activiste pour le climat\u00a0?\u00bb.<\/p>\n<p class=\"fig-body-link&#10;    \">\n            \u00c0 lire aussi<br \/>\n        <a class=\"fig-body-link__link\" href=\"http:\/\/madame.lefigaro.fr\/celebrites\/actu-people\/la-figure-de-proue-de-l-immense-trois-mats-de-jeff-bezos-une-sculpture-de-sa-compagne-lauren-sanchez-20230519\" data-fig-type=\"Article\" data-gtm-custom-categorie=\"navigation\" data-gtm-custom-action=\"crossclick\" data-gtm-custom-label=\"Contextuel\" data-gtm-event=\"customEventSPE\" data-fig-domain=\"MADAME\" target=\"_blank\" rel=\"noopener\"><br \/>\n        La figure de proue de l&rsquo;immense trois-m\u00e2ts de Jeff Bezos\u00a0? Une sculpture de sa compagne, Lauren S\u00e1nchez<\/a>\n<\/p>\n<p class=\"fig-paragraph\">Le Koru, consid\u00e9r\u00e9 comme l\u2019un des plus grands yachts \u00e0 voile du monde, mesure pr\u00e8s de 127 m\u00e8tres de long pour 70 m\u00e8tres de haut. S\u2019il se veut technologiquement innovant \u2014 capable notamment de convertir l\u2019\u00e9nergie \u00e9olienne en \u00e9lectricit\u00e9 afin de tendre vers une forme d\u2019autosuffisance \u2014 son empreinte carbone reste consid\u00e9rable. De quoi nourrir, une fois encore, le malaise autour de Leonardo DiCaprio, ic\u00f4ne environnementale au luxe XXL.<\/p>\n<p>                                                                <a href=\"https:\/\/photo-madame.lefigaro.fr\/celebrites\/actu-people\/en-photos-le-mysterieux-yacht-koru-de-jeff-bezos-et-lauren-sanchez-20250724\" target=\"_blank\" rel=\"noopener\"><\/p>\n<p class=\"fig-slideshow__title\">\n                    En photos, le majestueux et myst\u00e9rieux yacht de Jeff Bezos et Lauren S\u00e1nchez\n                <\/p>\n<p>    <\/a><\/p>\n","protected":false},"excerpt":{"rendered":"Par L\u00e9a Mabilon Le 2 janvier 2026 \u00e0 12h41 \u00c0 quelques jours de la nouvelle ann\u00e9e, l\u2019acteur et&hellip;\n","protected":false},"author":2,"featured_media":636426,"comment_status":"","ping_status":"","sticky":false,"template":"","format":"standard","meta":{"footnotes":""},"categories":[1359],"tags":[58,59,1011,27,2425,973,2528],"class_list":{"0":"post-636425","1":"post","2":"type-post","3":"status-publish","4":"format-standard","5":"has-post-thumbnail","7":"category-people","8":"tag-divertissement","9":"tag-entertainment","10":"tag-fr","11":"tag-france","12":"tag-luxe","13":"tag-people","14":"tag-vacances"},"share_on_mastodon":{"url":"https:\/\/pubeurope.com\/@fr\/115826204764749821","error":""},"_links":{"self":[{"href":"https:\/\/www.europesays.com\/fr\/wp-json\/wp\/v2\/posts\/636425","targetHints":{"allow":["GET"]}}],"collection":[{"href":"https:\/\/www.europesays.com\/fr\/wp-json\/wp\/v2\/posts"}],"about":[{"href":"https:\/\/www.europesays.com\/fr\/wp-json\/wp\/v2\/types\/post"}],"author":[{"embeddable":true,"href":"https:\/\/www.europesays.com\/fr\/wp-json\/wp\/v2\/users\/2"}],"replies":[{"embeddable":true,"href":"https:\/\/www.europesays.com\/fr\/wp-json\/wp\/v2\/comments?post=636425"}],"version-history":[{"count":0,"href":"https:\/\/www.europesays.com\/fr\/wp-json\/wp\/v2\/posts\/636425\/revisions"}],"wp:featuredmedia":[{"embeddable":true,"href":"https:\/\/www.europesays.com\/fr\/wp-json\/wp\/v2\/media\/636426"}],"wp:attachment":[{"href":"https:\/\/www.europesays.com\/fr\/wp-json\/wp\/v2\/media?parent=636425"}],"wp:term":[{"taxonomy":"category","embeddable":true,"href":"https:\/\/www.europesays.com\/fr\/wp-json\/wp\/v2\/categories?post=636425"},{"taxonomy":"post_tag","embeddable":true,"href":"https:\/\/www.europesays.com\/fr\/wp-json\/wp\/v2\/tags?post=636425"}],"curies":[{"name":"wp","href":"https:\/\/api.w.org\/{rel}","templated":true}]}}