{"id":636427,"date":"2026-01-02T15:26:33","date_gmt":"2026-01-02T15:26:33","guid":{"rendered":"https:\/\/www.europesays.com\/fr\/636427\/"},"modified":"2026-01-02T15:26:33","modified_gmt":"2026-01-02T15:26:33","slug":"en-images-lannee-2025-dans-lain-en-dix-photographies","status":"publish","type":"post","link":"https:\/\/www.europesays.com\/fr\/636427\/","title":{"rendered":"En images. L&rsquo;ann\u00e9e 2025 dans l&rsquo;Ain en dix photographies"},"content":{"rendered":"<p>Toute l\u2019ann\u00e9e, nos photographes Catherine Aulaz et Pierre-Yves Royet ont les yeux riv\u00e9s sur l\u2019actualit\u00e9 pour illustrer nos articles. L\u2019information avant tout mais parfois une image prend son sens dans la beaut\u00e9, la po\u00e9sie ou la force de ceux qu\u2019elle immortalise. Alors chaque samedi, nous vous avons propos\u00e9 la rubrique \u00ab <a href=\"https:\/\/www.leprogres.fr\/d\/l-oeil-de-notre-photographe-dans-l-ain-c5e73128-dc8b-4cc2-a675-df700458e28a\" target=\"_blank\" rel=\"noopener\">L\u2019oeil du photographe<\/a> \u00bb. Au gr\u00e9 de leurs reportages, chacun d\u2019entre eux choisit \u00ab sa \u00bb photo de la semaine. Voici une s\u00e9lection des clich\u00e9s qui ont ponctu\u00e9 2025. C\u2019est leur regard sur notre d\u00e9partement.<\/p>\n","protected":false},"excerpt":{"rendered":"Toute l\u2019ann\u00e9e, nos photographes Catherine Aulaz et Pierre-Yves Royet ont les yeux riv\u00e9s sur l\u2019actualit\u00e9 pour illustrer nos&hellip;\n","protected":false},"author":2,"featured_media":636428,"comment_status":"","ping_status":"","sticky":false,"template":"","format":"standard","meta":{"footnotes":""},"categories":[1358],"tags":[2738,1348,1384,1385,1687,1386,58,3312,6751,59,436,107,1011,27,2798,1310,5889],"class_list":{"0":"post-636427","1":"post","2":"type-post","3":"status-publish","4":"format-standard","5":"has-post-thumbnail","7":"category-arts-et-design","8":"tag-ain","9":"tag-arts","10":"tag-arts-and-design","11":"tag-arts-et-design","12":"tag-culture-loisirs","13":"tag-design","14":"tag-divertissement","15":"tag-edition-ain-est","16":"tag-edition-ain-ouest","17":"tag-entertainment","18":"tag-environnement","19":"tag-fil-info","20":"tag-fr","21":"tag-france","22":"tag-galerie-photo","23":"tag-incendie","24":"tag-religion-croyance"},"share_on_mastodon":{"url":"https:\/\/pubeurope.com\/@fr\/115826208418325238","error":""},"_links":{"self":[{"href":"https:\/\/www.europesays.com\/fr\/wp-json\/wp\/v2\/posts\/636427","targetHints":{"allow":["GET"]}}],"collection":[{"href":"https:\/\/www.europesays.com\/fr\/wp-json\/wp\/v2\/posts"}],"about":[{"href":"https:\/\/www.europesays.com\/fr\/wp-json\/wp\/v2\/types\/post"}],"author":[{"embeddable":true,"href":"https:\/\/www.europesays.com\/fr\/wp-json\/wp\/v2\/users\/2"}],"replies":[{"embeddable":true,"href":"https:\/\/www.europesays.com\/fr\/wp-json\/wp\/v2\/comments?post=636427"}],"version-history":[{"count":0,"href":"https:\/\/www.europesays.com\/fr\/wp-json\/wp\/v2\/posts\/636427\/revisions"}],"wp:featuredmedia":[{"embeddable":true,"href":"https:\/\/www.europesays.com\/fr\/wp-json\/wp\/v2\/media\/636428"}],"wp:attachment":[{"href":"https:\/\/www.europesays.com\/fr\/wp-json\/wp\/v2\/media?parent=636427"}],"wp:term":[{"taxonomy":"category","embeddable":true,"href":"https:\/\/www.europesays.com\/fr\/wp-json\/wp\/v2\/categories?post=636427"},{"taxonomy":"post_tag","embeddable":true,"href":"https:\/\/www.europesays.com\/fr\/wp-json\/wp\/v2\/tags?post=636427"}],"curies":[{"name":"wp","href":"https:\/\/api.w.org\/{rel}","templated":true}]}}