{"id":636439,"date":"2026-01-02T15:33:13","date_gmt":"2026-01-02T15:33:13","guid":{"rendered":"https:\/\/www.europesays.com\/fr\/636439\/"},"modified":"2026-01-02T15:33:13","modified_gmt":"2026-01-02T15:33:13","slug":"submerges-par-lemotion-marie-ange-nardi-et-alexandre-devoise-disent-adieu-aux-telespectateurs","status":"publish","type":"post","link":"https:\/\/www.europesays.com\/fr\/636439\/","title":{"rendered":"Submerg\u00e9s par l\u2019\u00e9motion, Marie-Ange Nardi et Alexandre Devoise disent adieu aux t\u00e9l\u00e9spectateurs"},"content":{"rendered":"<p>Marie-Ange Nardi et Alexandre Devoise n\u2019ont pas pu contenir leur \u00e9motion au moment de rendre l\u2019antenne, ce\u00a0mercredi 31\u00a0d\u00e9cembre. Ils coanimaient depuis une dizaine d\u2019ann\u00e9es T\u00e9l\u00e9shopping, l\u2019\u00e9mission culte lanc\u00e9e sur <a href=\"https:\/\/www.20minutes.fr\/dossier\/tf1\" class=\"c-link c-link--is-underlined\" target=\"_blank\" rel=\"noopener\">TF1<\/a> il y a 38 ans. Mais la cha\u00eene a d\u00e9cid\u00e9 de mettre fin \u00e0 ce programme en\u00a02026 et de prolonger\u00a0<a href=\"https:\/\/www.20minutes.fr\/arts-stars\/television\/4192838-20251222-bonjour-lorie-jacques-legros-cecile-menibus-rejoignent-matinale-tf1\" class=\"c-link c-link--is-underlined\" target=\"_blank\" rel=\"noopener\">sa matinale Bonjour\u00a0!<\/a> pour le remplacer\u00a0de 10\u200aheures \u00e0 11\u200aheures.<\/p>\n<blockquote class=\"twitter-tweet\" align=\"center\" data-lang=\"fr_FR\">\n<p lang=\"fr\" dir=\"ltr\">Les derni\u00e8res secondes de 38 ans d\u2019aventure du Teleshopping sur <a href=\"https:\/\/twitter.com\/hashtag\/TF1?src=hash&amp;ref_src=twsrc%5Etfw\" target=\"_blank\" rel=\"noopener\">#TF1<\/a>, et l\u2019\u00e9motion de Marie-Ange Nardi, qui d\u00e9barque dans deux jours sur <a href=\"https:\/\/twitter.com\/hashtag\/M6?src=hash&amp;ref_src=twsrc%5Etfw\" target=\"_blank\" rel=\"noopener\">#M6<\/a> avec \u00ab\u00a0My boutique Teleshop\u2019\u00a0\u00bb. <a href=\"https:\/\/t.co\/9qaFLuag7A\">pic.twitter.com\/9qaFLuag7A<\/a><\/p>\n<p>\u2014 Julien (@JulienHut1) <a href=\"https:\/\/twitter.com\/JulienHut1\/status\/2006303256264257686?ref_src=twsrc%5Etfw\" target=\"_blank\" rel=\"noopener\">December 31, 2025<\/a><\/p><\/blockquote>\n<p class=\"mb-m@xs text-l@xs\">En cliquant sur\u00ab J\u2019accepte \u00bb, vous acceptez le d\u00e9p\u00f4t de cookies par des services externes et aurez ainsi acc\u00e8s aux contenus de nos partenaires.<\/p>\n<p class=\"mb-xl@xs text-s@xs\">Plus d\u2019informations sur la page<a href=\"https:\/\/www.20minutes.fr\/gestion-cookies\" class=\"mx-xxs@xs color-ultramarine\" target=\"_blank\" rel=\"noopener\">Politique de gestion des cookies<\/a><\/p>\n<p>J\u2019accepte\u00ab\u00a0On est sacr\u00e9ment \u00e9mus sur ce plateau\u00a0\u00bb<\/p>\n<p>Les deux animateurs ont craqu\u00e9 en fin d\u2019\u00e9mission alors qu\u2019ils faisaient leurs adieux aux t\u00e9l\u00e9spectateurs. \u00ab\u00a0On voulait \u00e9videmment vous remercier, vous qui nous avez suivis pendant toutes ces ann\u00e9es, les \u00e9quipes qui sont l\u00e0, je pense qu\u2019on peut applaudir tout le monde. \u00c7a a \u00e9t\u00e9 un vrai plaisir de passer toutes ces ann\u00e9es avec vous\u00a0\u00bb, a confi\u00e9\u00a0Alexandre Devoise, arriv\u00e9 en\u00a02014 dans le T\u00e9l\u00e9shopping.<\/p>\n<p>\u00ab\u00a0Je peux vous dire que l\u00e0, on est sacr\u00e9ment \u00e9mus sur ce plateau, a rench\u00e9ri Marie-Ange Nardi qui avait de son c\u00f4t\u00e9 pris les commandes de l\u2019\u00e9mission en\u00a02008. [\u2026] On a eu vraiment un grand plaisir \u00e0 animer, \u00e0 coanimer ensemble ou avec d\u2019autres animateurs que vous connaissez. C\u2019est vrai qu\u2019on vous dit toute notre affection\u2026\u00a0\u00bb.<\/p>\n<p>Marie-Ange Nardi rejoint le groupe M6<\/p>\n<p>A ces mots, l\u2019animatrice s\u2019est interrompue, submerg\u00e9e par l\u2019\u00e9motion avant de reprendre, des sanglots dans la voix\u00a0: \u00ab\u00a0On vous remercie de votre fid\u00e9lit\u00e9, \u00e0 tr\u00e8s bient\u00f4t.\u00a0\u00bb<\/p>\n<\/p>\n<p>Ce n\u2019est cependant pas totalement la fin de l\u2019histoire entre le t\u00e9l\u00e9achat et Marie-Ange Nardi. En effet, <a href=\"https:\/\/www.20minutes.fr\/arts-stars\/television\/4191070-20251211-nouvelle-ere-animatrice-marie-ange-nardi-va-quitter-tf1-rejoindre-teleachat-m6\" class=\"c-link c-link--is-underlined\" target=\"_blank\" rel=\"noopener\">un\u00a0nouveau programme, baptis\u00e9\u00a0My Boutique T\u00e9l\u00e9shop<\/a>, a \u00e9t\u00e9 lanc\u00e9 ce vendredi 2\u00a0janvier, sur M6 cette fois. L\u2019animatrice a \u00e9t\u00e9 choisie pour prendre les commandes de cette \u00e9mission avec Charlotte Rosier.<\/p>\n<p><script async src=\"https:\/\/platform.twitter.com\/widgets.js\" charset=\"utf-8\"><\/script><\/p>\n","protected":false},"excerpt":{"rendered":"Marie-Ange Nardi et Alexandre Devoise n\u2019ont pas pu contenir leur \u00e9motion au moment de rendre l\u2019antenne, ce\u00a0mercredi 31\u00a0d\u00e9cembre.&hellip;\n","protected":false},"author":2,"featured_media":636440,"comment_status":"","ping_status":"","sticky":false,"template":"","format":"standard","meta":{"footnotes":""},"categories":[8],"tags":[58,4739,59,1011,27,252,199,133],"class_list":{"0":"post-636439","1":"post","2":"type-post","3":"status-publish","4":"format-standard","5":"has-post-thumbnail","7":"category-divertissement","8":"tag-divertissement","9":"tag-emission-de-television","10":"tag-entertainment","11":"tag-fr","12":"tag-france","13":"tag-television","14":"tag-tf1","15":"tag-video"},"share_on_mastodon":{"url":"https:\/\/pubeurope.com\/@fr\/115826236024377189","error":""},"_links":{"self":[{"href":"https:\/\/www.europesays.com\/fr\/wp-json\/wp\/v2\/posts\/636439","targetHints":{"allow":["GET"]}}],"collection":[{"href":"https:\/\/www.europesays.com\/fr\/wp-json\/wp\/v2\/posts"}],"about":[{"href":"https:\/\/www.europesays.com\/fr\/wp-json\/wp\/v2\/types\/post"}],"author":[{"embeddable":true,"href":"https:\/\/www.europesays.com\/fr\/wp-json\/wp\/v2\/users\/2"}],"replies":[{"embeddable":true,"href":"https:\/\/www.europesays.com\/fr\/wp-json\/wp\/v2\/comments?post=636439"}],"version-history":[{"count":0,"href":"https:\/\/www.europesays.com\/fr\/wp-json\/wp\/v2\/posts\/636439\/revisions"}],"wp:featuredmedia":[{"embeddable":true,"href":"https:\/\/www.europesays.com\/fr\/wp-json\/wp\/v2\/media\/636440"}],"wp:attachment":[{"href":"https:\/\/www.europesays.com\/fr\/wp-json\/wp\/v2\/media?parent=636439"}],"wp:term":[{"taxonomy":"category","embeddable":true,"href":"https:\/\/www.europesays.com\/fr\/wp-json\/wp\/v2\/categories?post=636439"},{"taxonomy":"post_tag","embeddable":true,"href":"https:\/\/www.europesays.com\/fr\/wp-json\/wp\/v2\/tags?post=636439"}],"curies":[{"name":"wp","href":"https:\/\/api.w.org\/{rel}","templated":true}]}}