{"id":636456,"date":"2026-01-02T15:47:10","date_gmt":"2026-01-02T15:47:10","guid":{"rendered":"https:\/\/www.europesays.com\/fr\/636456\/"},"modified":"2026-01-02T15:47:10","modified_gmt":"2026-01-02T15:47:10","slug":"je-mesure-la-lourde-responsabilite-qui-mincombe-la-montpellieraine-patricia-miralles-nommee-a-la-tete-dun-comite-interministeriel-tres-sensible","status":"publish","type":"post","link":"https:\/\/www.europesays.com\/fr\/636456\/","title":{"rendered":"\u00ab\u00a0Je mesure la lourde responsabilit\u00e9 qui m\u2019incombe\u00a0\u00bb\u00a0: la Montpelli\u00e9raine Patricia Mirall\u00e8s nomm\u00e9e \u00e0 la t\u00eate d\u2019un comit\u00e9 interminist\u00e9riel tr\u00e8s sensible"},"content":{"rendered":"<p>\n                                                                L\u2019ancienne ministre de la M\u00e9moire et des Anciens combattants a \u00e9t\u00e9 d\u00e9sign\u00e9e par le Premier ministre et le ministre de l\u2019Int\u00e9rieur, secr\u00e9taire g\u00e9n\u00e9rale du Comit\u00e9 interminist\u00e9riel de pr\u00e9vention de la d\u00e9linquance et de la radicalisation. Cet organisme avait \u00e9t\u00e9 point\u00e9 en 2024 par la Cour des comptes pour sa gestion.\n                            <\/p>\n<p>Patricia Mirall\u00e8s ne sera longtemps rest\u00e9e inactive. Non reconduite en octobre au minist\u00e8re de la M\u00e9moire et des Anciens combattants, l\u2019\u00e9lue montpelli\u00e9raine a \u00e9t\u00e9 nomm\u00e9e ce mercredi secr\u00e9taire g\u00e9n\u00e9rale du Comit\u00e9 interminist\u00e9riel de pr\u00e9vention de la d\u00e9linquance et de la radicalisation (CIPDR).<\/p>\n<p>Cr\u00e9\u00e9 en 2006, cet organisme \u00e9tait initialement charg\u00e9 de concevoir et de piloter la politique de pr\u00e9vention de la d\u00e9linquance aux niveaux national et d\u00e9concentr\u00e9. Par la suite, son champ d\u2019intervention a \u00e9t\u00e9 r\u00e9guli\u00e8rement \u00e9largi pour prendre en charge la pr\u00e9vention de la radicalisation, puis la lutte contre les s\u00e9paratismes. Des dossiers majeurs.<\/p>\n<p>La pol\u00e9mique du Fonds Marianne<\/p>\n<p>Mais la fonction est d\u2019autant plus sensible que le CIPDR, dont le budget annuel avoisine 70\u00a0M\u20ac, a \u00e9t\u00e9 point\u00e9 en 2024 par la Cour des comptes pour \u00ab\u00a0des d\u00e9faillances d\u2019ampleur\u00a0\u00bb dans sa gestion, notamment celle du \u00ab\u00a0Fonds Marianne\u00a0\u00bb cr\u00e9\u00e9 au lendemain de l\u2019assassinat de Samuel Paty pour lutter contre le s\u00e9paratisme. Les magistrats r\u00e9clamaient alors \u00ab\u00a0une remise en ordre rapide\u00a0\u00bb du comit\u00e9. Une mission qui est donc confi\u00e9e \u00e0\u00a0Patricia Mirall\u00e8s, laquelle a dit accueillir cette nomination \u00ab\u00a0avec une profonde \u00e9motion et un immense honneur\u00a0\u00bb.<\/p>\n<p>\u00c9galement\u00a0\u00e9lev\u00e9e au grade de Chevalier de la L\u00e9gion d\u2019honneur, dans la promotion du 1er\u00a0janvier, l\u2019ancienne ministre dit \u00ab\u00a0mesurer\u00a0chaque jour la lourde responsabilit\u00e9 qui m\u2019incombe. Je m\u2019y consacrerai avec la m\u00eame d\u00e9termination que celle qui a guid\u00e9 mes engagements pass\u00e9s\u00a0\u00bb.<\/p>\n","protected":false},"excerpt":{"rendered":"L\u2019ancienne ministre de la M\u00e9moire et des Anciens combattants a \u00e9t\u00e9 d\u00e9sign\u00e9e par le Premier ministre et le&hellip;\n","protected":false},"author":2,"featured_media":636457,"comment_status":"","ping_status":"","sticky":false,"template":"","format":"standard","meta":{"footnotes":""},"categories":[9599],"tags":[1111,11,1777,674,1011,27,7089,2208,12,2680,316,25],"class_list":{"0":"post-636456","1":"post","2":"type-post","3":"status-publish","4":"format-standard","5":"has-post-thumbnail","7":"category-montpellier","8":"tag-actu","9":"tag-actualites","10":"tag-eu","11":"tag-europe","12":"tag-fr","13":"tag-france","14":"tag-herault","15":"tag-montpellier","16":"tag-news","17":"tag-occitanie","18":"tag-politique","19":"tag-republique-francaise"},"share_on_mastodon":{"url":"https:\/\/pubeurope.com\/@fr\/115826291157404383","error":""},"_links":{"self":[{"href":"https:\/\/www.europesays.com\/fr\/wp-json\/wp\/v2\/posts\/636456","targetHints":{"allow":["GET"]}}],"collection":[{"href":"https:\/\/www.europesays.com\/fr\/wp-json\/wp\/v2\/posts"}],"about":[{"href":"https:\/\/www.europesays.com\/fr\/wp-json\/wp\/v2\/types\/post"}],"author":[{"embeddable":true,"href":"https:\/\/www.europesays.com\/fr\/wp-json\/wp\/v2\/users\/2"}],"replies":[{"embeddable":true,"href":"https:\/\/www.europesays.com\/fr\/wp-json\/wp\/v2\/comments?post=636456"}],"version-history":[{"count":0,"href":"https:\/\/www.europesays.com\/fr\/wp-json\/wp\/v2\/posts\/636456\/revisions"}],"wp:featuredmedia":[{"embeddable":true,"href":"https:\/\/www.europesays.com\/fr\/wp-json\/wp\/v2\/media\/636457"}],"wp:attachment":[{"href":"https:\/\/www.europesays.com\/fr\/wp-json\/wp\/v2\/media?parent=636456"}],"wp:term":[{"taxonomy":"category","embeddable":true,"href":"https:\/\/www.europesays.com\/fr\/wp-json\/wp\/v2\/categories?post=636456"},{"taxonomy":"post_tag","embeddable":true,"href":"https:\/\/www.europesays.com\/fr\/wp-json\/wp\/v2\/tags?post=636456"}],"curies":[{"name":"wp","href":"https:\/\/api.w.org\/{rel}","templated":true}]}}