{"id":636462,"date":"2026-01-02T15:51:12","date_gmt":"2026-01-02T15:51:12","guid":{"rendered":"https:\/\/www.europesays.com\/fr\/636462\/"},"modified":"2026-01-02T15:51:12","modified_gmt":"2026-01-02T15:51:12","slug":"saint-egreve-le-pont-de-la-monta-ferme-six-mois-a-dater-du-6-janvier","status":"publish","type":"post","link":"https:\/\/www.europesays.com\/fr\/636462\/","title":{"rendered":"Saint-\u00c9gr\u00e8ve. Le pont de la Monta ferm\u00e9 six mois \u00e0 dater du 6\u00a0janvier"},"content":{"rendered":"<p>La circulation va \u00eatre coup\u00e9e sur le pont de la Monta pendant six mois \u00e0 compter du 12\u00a0janvier. Un passage sera maintenu pour les pi\u00e9tons et les cyclistes pourront traverser pied \u00e0 terre. Une d\u00e9viation sera mise en place par la rue des Brieux, l\u2019avenue du Coll\u00e8ge, la route de Grenoble et l\u2019avenue de la Monta. La fermeture est due aux travaux d\u2019am\u00e9nagement du site de l\u2019ex-maison Fagot. Il va \u00eatre r\u00e9am\u00e9nag\u00e9 sous la forme d\u2019un espace ouvert \u00e0 tous avec deux niveaux\u00a0: un cheminement pav\u00e9 en haut, des espaces verts et une placette en contrebas.<\/p>\n<p>La circulation des lignes flexo 60 et 61 sera impact\u00e9e. Les arr\u00eats \u201cChampy\u201d et \u201cChemin vert\u201d ne seront pas desservis, l\u2019arr\u00eat \u201cColl\u00e8ge Barnave\u201d , uniquement direction Muret, sera d\u00e9plac\u00e9 au niveau de l\u2019avenue du Coll\u00e8ge sur le parking. Les arr\u00eats sur l\u2019avenue de La Monta seront desservis.<\/p>\n<p>  Flexo 60<\/p>\n<p>D\u00e9viation \u00e0 partir des arr\u00eats \u201cColl\u00e8ge Barnave\u201d \u00e0 \u201cBellevue\u201d dans les deux sens. D\u00e9viation par l\u2019avenue du coll\u00e8ge, le Pont de Vence, l\u2019avenue et la rue de La Monta dans les deux sens. L\u2019arr\u00eat \u201cColl\u00e8ge Barnave\u201d sera desservi sur l\u2019avenue du Coll\u00e8ge (parking) dans le sens Proveysieux \u2192 Muret uniquement.<\/p>\n<p>  Flexo 61<\/p>\n<p>D\u00e9viation \u00e0 partir des arr\u00eats \u201cColl\u00e8ge Barnave \u00e0 Grange Haute\u201d dans les deux sens. D\u00e9viation par l\u2019avenue du coll\u00e8ge, le Pont de Vence, l\u2019avenue et la rue de la Monta dans les deux sens. L\u2019arr\u00eat \u201cColl\u00e8ge Barnave\u201d sera desservi sur l\u2019avenue du Coll\u00e8ge (parking) dans le sens Quaix-en-Chartreuse \u2192 Muret uniquement.<\/p>\n<p>En mai dernier, dans le journal municipal, on pouvait lire\u00a0: \u201cUne placette et une terrasse en surplomb de la Vence vont \u00eatre am\u00e9nag\u00e9es dans le bourg de La Monta. Situ\u00e9 en contrebas du pont de la rue de Champy, ce site d\u2019exception a \u00e9t\u00e9 lib\u00e9r\u00e9 par la d\u00e9construction de l\u2019ancienne maison Fagot, une propri\u00e9t\u00e9 de la Ville en ruines. Les travaux doivent permettre la cr\u00e9ation de deux espaces d\u2019agr\u00e9ment ouverts \u00e0 tous. Celui du haut sera dall\u00e9 par des pierres de Hauteville et une fosse de plantation sera creus\u00e9e pour accueillir un grand arbuste en c\u00e9p\u00e9e. Une v\u00e9g\u00e9talisation est aussi au programme de la terrasse en contrebas o\u00f9 deux arbustes en c\u00e9p\u00e9e seront \u00e9galement plant\u00e9s. L\u2019acc\u00e8s \u00e0 cette derni\u00e8re sera limit\u00e9 \u00e0 la journ\u00e9e avec un portillon. Le sol de cette partie basse poss\u00e9dera un rev\u00eatement perm\u00e9able gr\u00e2ce \u00e0 un pavage en pierre naturelle calcaire. Une installation s\u00e9curis\u00e9e permettra aussi aux usagers d\u2019observer la partie du canal des usiniers en contrebas pour une belle mise en valeur du patrimoine local.\u201d<\/p>\n","protected":false},"excerpt":{"rendered":"La circulation va \u00eatre coup\u00e9e sur le pont de la Monta pendant six mois \u00e0 compter du 12\u00a0janvier.&hellip;\n","protected":false},"author":2,"featured_media":636463,"comment_status":"","ping_status":"","sticky":false,"template":"","format":"standard","meta":{"footnotes":""},"categories":[9566],"tags":[1111,11,2430,3542,112,1777,674,1011,27,2731,108,12,25,275,276,2803],"class_list":{"0":"post-636462","1":"post","2":"type-post","3":"status-publish","4":"format-standard","5":"has-post-thumbnail","7":"category-grenoble","8":"tag-actu","9":"tag-actualites","10":"tag-auvergne-rhone-alpes","11":"tag-circulation","12":"tag-edition-grenoble-agglomeration","13":"tag-eu","14":"tag-europe","15":"tag-fr","16":"tag-france","17":"tag-grenoble","18":"tag-isere","19":"tag-news","20":"tag-republique-francaise","21":"tag-saint-egreve","22":"tag-saint-egreve-et-autour","23":"tag-transport"},"share_on_mastodon":{"url":"https:\/\/pubeurope.com\/@fr\/115826306887821232","error":""},"_links":{"self":[{"href":"https:\/\/www.europesays.com\/fr\/wp-json\/wp\/v2\/posts\/636462","targetHints":{"allow":["GET"]}}],"collection":[{"href":"https:\/\/www.europesays.com\/fr\/wp-json\/wp\/v2\/posts"}],"about":[{"href":"https:\/\/www.europesays.com\/fr\/wp-json\/wp\/v2\/types\/post"}],"author":[{"embeddable":true,"href":"https:\/\/www.europesays.com\/fr\/wp-json\/wp\/v2\/users\/2"}],"replies":[{"embeddable":true,"href":"https:\/\/www.europesays.com\/fr\/wp-json\/wp\/v2\/comments?post=636462"}],"version-history":[{"count":0,"href":"https:\/\/www.europesays.com\/fr\/wp-json\/wp\/v2\/posts\/636462\/revisions"}],"wp:featuredmedia":[{"embeddable":true,"href":"https:\/\/www.europesays.com\/fr\/wp-json\/wp\/v2\/media\/636463"}],"wp:attachment":[{"href":"https:\/\/www.europesays.com\/fr\/wp-json\/wp\/v2\/media?parent=636462"}],"wp:term":[{"taxonomy":"category","embeddable":true,"href":"https:\/\/www.europesays.com\/fr\/wp-json\/wp\/v2\/categories?post=636462"},{"taxonomy":"post_tag","embeddable":true,"href":"https:\/\/www.europesays.com\/fr\/wp-json\/wp\/v2\/tags?post=636462"}],"curies":[{"name":"wp","href":"https:\/\/api.w.org\/{rel}","templated":true}]}}