{"id":636466,"date":"2026-01-02T15:53:18","date_gmt":"2026-01-02T15:53:18","guid":{"rendered":"https:\/\/www.europesays.com\/fr\/636466\/"},"modified":"2026-01-02T15:53:18","modified_gmt":"2026-01-02T15:53:18","slug":"petit-ours-brun-fete-ses-50-ans-en-bretagne","status":"publish","type":"post","link":"https:\/\/www.europesays.com\/fr\/636466\/","title":{"rendered":"Petit Ours brun f\u00eate ses 50 ans en Bretagne"},"content":{"rendered":"<p class=\"block date\" id=\"dateEtAuteur\">Publi\u00e9 : 14h39 &#8211; Modifi\u00e9 : 14h43 No\u00eblline  Garon <\/p>\n<p><img decoding=\"async\" class=\"\" style=\"width:100%\" src=\"https:\/\/www.europesays.com\/fr\/wp-content\/uploads\/2026\/01\/Expo_Petit_Ours_Brun_Pierre_Fran_ois_Lebrun_et_Corinne_Batlle1767351854285.jpeg\" alt=\"Pierre-Fran\u00e7ois Lebrun et Corinne Batlle\"\/><\/p>\n<p>Cr\u00e9dit : No\u00eblline Garon<\/p>\n<p>Une exposition consacr\u00e9e \u00e0 Petit Ours brun est visible en ce moment \u00e0 Saint-Jacques-de-la-Lande. Sa cr\u00e9atrice, la Bretonne Claude Lebrun a v\u00e9cu dans cette commune.  <\/p>\n<p>Petit Ours Brun f\u00eate ses 50 ans\u2026 Sa bouille brune est apparue pour la premi\u00e8re fois en 1975 dans le magazine pour enfant \u00ab\u00a0Pomme d\u2019Api\u00a0\u00bb. <strong>Des histoires imagin\u00e9es par un Bretonne, Claude Lebrun qui vivait pr\u00e8s de Rennes<\/strong>, elle est d\u00e9c\u00e9d\u00e9e en 2019. <strong>Une exposition lui est consacr\u00e9e \u00e0 la m\u00e9diath\u00e8que de Saint-Jacques-de-la-Lande<\/strong>. Son fils, Pierre-Fran\u00e7ois Lebrun a mis \u00e0 disposition des archives.<\/p>\n<p>Il se souvient de la naissance de Petit Ours : \u00ab\u00a0Quand il appara\u00eet en 1975, moi, j&rsquo;ai 9 ans, et c&rsquo;est un truc de petit quand on a 9 ans. C&rsquo;est touchant car ce sont des histoires qu&rsquo;elle avait au d\u00e9but cr\u00e9\u00e9es pour ses enfants, moi et mon fr\u00e8re. C&rsquo;\u00e9tait un personnage, c&rsquo;\u00e9tait une aventure. M\u00eame si je ne lisais plus Petit Ours Brun, c&rsquo;\u00e9tait quand m\u00eame quelque chose dont on entendait parler \u00e0 la maison r\u00e9guli\u00e8rement. Je pense que \u00e7a faisait partie de la vie de la famille. Et puis, il est clair qu&rsquo;elle s&rsquo;est inspir\u00e9e de ses enfants, qu&rsquo;elle nous a observ\u00e9 pour \u00e9crire ses histoires. Donc, je suis peut-\u00eatre un peu Petit Ours Brun et mon fr\u00e8re aussi.\u00a0\u00bb<\/p>\n<p>\u00a0<\/p>\n<p><strong><img loading=\"lazy\" decoding=\"async\" style=\"display: block; margin-left: auto; margin-right: auto;\" src=\"https:\/\/www.europesays.com\/fr\/wp-content\/uploads\/2026\/01\/fuGtfbZyWP.jpeg\" alt=\"\" width=\"532\" height=\"399\"\/><\/strong><\/p>\n<p style=\"text-align: center;\">Des albums de Petit Ours Brun<\/p>\n<p>Pierre-Fran\u00e7ois LebrunPierre-Fran\u00e7ois Lebrun <\/p>\n<blockquote><p>\n<strong>Sa machine \u00e0 \u00e9crire expos\u00e9e<\/strong>\n<\/p><\/blockquote>\n<p>\u00a0<\/p>\n<p>Claude Lebrun a \u00e9crit les histoires de Petit Ours Brun pendant une petite dizaine d&rsquo;ann\u00e9es. C&rsquo;est elle qui a invent\u00e9 ce personnage, et les \u00e9ditions Bayard s\u00e9duites ont confi\u00e9 le dessin \u00e0 une autre femme, Dani\u00e8le Bour.<\/p>\n<p>Dans cette exposition, la machine a \u00e9crire de cette professeure de fran\u00e7ais, comme des sc\u00e9narios sont visibles aux c\u00f4t\u00e9s d&rsquo;albums. \u00ab\u00a0Ma m\u00e8re avait gard\u00e9 un exemplaire de chaque Pomme d&rsquo;Api dans lequel sortait Petit Ours Brun. C&rsquo;est-\u00e0-dire que les sept ann\u00e9es \u00e0 peu pr\u00e8s o\u00f9 elle a collabor\u00e9, il y en a \u00e0 peu pr\u00e8s 70. On a les originaux, il y a ses textes, et des albums \u00e9trangers. Il y a m\u00eame un japonais qui date des ann\u00e9es 80-90. Il y a des anglais, des versions am\u00e9ricaines. <\/p>\n<p><strong>Elle les gardait pr\u00e9cieusement, j&rsquo;ai le souvenir dans la maison d&rsquo;un espace Petit Ours Brun, une armoire o\u00f9 elle gardait tout.<\/strong> Quand j&rsquo;ai eu des enfants, je leur ai lu Petit Ours Brun. Maintenant ils sont grands, mais \u00e7a fait partie de la vie de famille\u00a0\u00bb, poursuit Pierre-Fran\u00e7ois Lebrun.\u00a0<\/p>\n<p style=\"text-align: center;\"><img loading=\"lazy\" decoding=\"async\" style=\"display: block; margin-left: auto; margin-right: auto;\" src=\"https:\/\/www.europesays.com\/fr\/wp-content\/uploads\/2026\/01\/EAgR0kL5SR.jpeg\" alt=\"\" width=\"500\" height=\"375\"\/>La machine \u00e0 \u00e9crire de Claude Lebrun<\/p>\n<p>Pierre-Fran\u00e7ois LebrunPierre-Fran\u00e7ois Lebrun <\/p>\n<blockquote>\n<p><strong>Petit Ours Brun traverse les g\u00e9n\u00e9rations<\/strong><\/p>\n<\/blockquote>\n<p>\u00a0<\/p>\n<p>50 ans apr\u00e8s sa cr\u00e9ation, Petit Ours Brun a toujours la c\u00f4te aupr\u00e8s des petits. Dans l&rsquo;exposition, l&rsquo;espace dessin a tr\u00e8s bien march\u00e9 aupr\u00e8s des enfants, avec des coloriages. \u00ab\u00a0<strong>Petit Ours Brun c&rsquo;\u00e9tait un pr\u00e9curseur, c&rsquo;\u00e9tait une nouvelle fa\u00e7on de voir les choses \u00e0 hauteur d&rsquo;enfant. Et puis, les dessins sont tr\u00e8s bien faits.\u00a0<\/strong><\/p>\n<p style=\"text-align: center;\"><img loading=\"lazy\" decoding=\"async\" style=\"display: block; margin-left: auto; margin-right: auto;\" src=\"https:\/\/www.europesays.com\/fr\/wp-content\/uploads\/2026\/01\/LOJTJyOTyt.jpeg\" alt=\"\" width=\"532\" height=\"399\"\/>Des affiches de Petit Ours Brun<\/p>\n<p style=\"text-align: justify;\">D&rsquo;abord, le format carr\u00e9 tout petit, les enfants pouvaient le manipuler. Et ils voyaient bien un ours sur une page, un autre ours sur l&rsquo;autre page, c&rsquo;est comme \u00e7a qu&rsquo;on commence la lecture. <strong>La narration \u00e9tait \u00e9vidente gr\u00e2ce aux illustrations et au texte.<\/strong> C&rsquo;\u00e9tait nouveau \u00e0 l&rsquo;\u00e9poque ! Aujourd&rsquo;hui, on se rend compte que les enfants le connaissent gr\u00e2ce aussi aux produits d\u00e9riv\u00e9s, \u00e0 la t\u00e9l\u00e9vision. Mais ils y sont tr\u00e8s attach\u00e9s\u00a0\u00bb, explique Corinne Batlle, responsable de la m\u00e9diath\u00e8que br\u00e9tilienne.<\/p>\n<p>Corinne BatlleCorinne Batlle <\/p>\n<p>L&rsquo;exposition est visible, aux horaires d&rsquo;ouverture, jusqu&rsquo;\u00e0 ce mardi 6 janvier 2026.<\/p>\n","protected":false},"excerpt":{"rendered":"Publi\u00e9 : 14h39 &#8211; Modifi\u00e9 : 14h43 No\u00eblline Garon Cr\u00e9dit : No\u00eblline Garon Une exposition consacr\u00e9e \u00e0 Petit&hellip;\n","protected":false},"author":2,"featured_media":636467,"comment_status":"","ping_status":"","sticky":false,"template":"","format":"standard","meta":{"footnotes":""},"categories":[2821],"tags":[1111,11,74380,74377,829,74378,74384,1777,674,74379,1011,27,848,31870,74382,12,74376,74381,74383,584,25,18461],"class_list":{"0":"post-636466","1":"post","2":"type-post","3":"status-publish","4":"format-standard","5":"has-post-thumbnail","7":"category-rennes","8":"tag-actu","9":"tag-actualites","10":"tag-anniversaire-petit-ours-brun","11":"tag-bayard","12":"tag-bretagne","13":"tag-claude-lebrun","14":"tag-corinne-batlle","15":"tag-eu","16":"tag-europe","17":"tag-exposition-petit-ours-brun","18":"tag-fr","19":"tag-france","20":"tag-ille-et-vilaine","21":"tag-litterature-jeunesse","22":"tag-mediatheque-saint-jacques-de-la-lande","23":"tag-news","24":"tag-petit-ours-brun","25":"tag-petit-ours-brun-fete-ses-50-ans-en-bretagne","26":"tag-pierre-francois-lebrun","27":"tag-rennes","28":"tag-republique-francaise","29":"tag-saint-jacques-de-la-lande"},"share_on_mastodon":{"url":"https:\/\/pubeurope.com\/@fr\/115826314889748405","error":""},"_links":{"self":[{"href":"https:\/\/www.europesays.com\/fr\/wp-json\/wp\/v2\/posts\/636466","targetHints":{"allow":["GET"]}}],"collection":[{"href":"https:\/\/www.europesays.com\/fr\/wp-json\/wp\/v2\/posts"}],"about":[{"href":"https:\/\/www.europesays.com\/fr\/wp-json\/wp\/v2\/types\/post"}],"author":[{"embeddable":true,"href":"https:\/\/www.europesays.com\/fr\/wp-json\/wp\/v2\/users\/2"}],"replies":[{"embeddable":true,"href":"https:\/\/www.europesays.com\/fr\/wp-json\/wp\/v2\/comments?post=636466"}],"version-history":[{"count":0,"href":"https:\/\/www.europesays.com\/fr\/wp-json\/wp\/v2\/posts\/636466\/revisions"}],"wp:featuredmedia":[{"embeddable":true,"href":"https:\/\/www.europesays.com\/fr\/wp-json\/wp\/v2\/media\/636467"}],"wp:attachment":[{"href":"https:\/\/www.europesays.com\/fr\/wp-json\/wp\/v2\/media?parent=636466"}],"wp:term":[{"taxonomy":"category","embeddable":true,"href":"https:\/\/www.europesays.com\/fr\/wp-json\/wp\/v2\/categories?post=636466"},{"taxonomy":"post_tag","embeddable":true,"href":"https:\/\/www.europesays.com\/fr\/wp-json\/wp\/v2\/tags?post=636466"}],"curies":[{"name":"wp","href":"https:\/\/api.w.org\/{rel}","templated":true}]}}