{"id":636483,"date":"2026-01-02T16:02:15","date_gmt":"2026-01-02T16:02:15","guid":{"rendered":"https:\/\/www.europesays.com\/fr\/636483\/"},"modified":"2026-01-02T16:02:15","modified_gmt":"2026-01-02T16:02:15","slug":"girondins-il-est-plus-facile-de-supporter-le-psg-que-bordeaux-affirme-bruno-irles","status":"publish","type":"post","link":"https:\/\/www.europesays.com\/fr\/636483\/","title":{"rendered":"Girondins : \u201cIl est plus facile de supporter le PSG que Bordeaux\u201d, affirme Bruno Irl\u00e8s"},"content":{"rendered":"<p><img decoding=\"async\" src=\"https:\/\/www.europesays.com\/fr\/wp-content\/uploads\/2026\/01\/671_68aa1d5ec8c517b42617a219766daf10.jpg\" alt=\"Girondins : \u201cIl est plus facile de supporter le PSG que Bordeaux\u201d, affirme Bruno Irl\u00e8s\" class=\"img-responsive mt-3\"\/><\/p>\n<p class=\"text-center mb-3\" style=\"font-size: 14px\">\u00a9 Iconsport<\/p>\n<p><strong>Girondins de Bordeaux : Bruno Irl\u00e8s rend hommage aux supporters Marine et Blanc<\/strong><\/p>\n<p style=\"text-align: justify;\">Pour 2025, l\u2019entra\u00eeneur de Bordeaux, Bruno Irl\u00e8s, a tenu \u00e0 adresser un coup de c\u0153ur aux supporters Marine et Blanc, qui ne l\u2019ont jamais l\u00e2ch\u00e9 lors de la mauvaise passe du d\u00e9but de saison. Il est revenu sur sa r\u00e9trospective de l\u2019ann\u00e9e sportive dans les colonnes de Sud Ouest.<\/p>\n<p style=\"text-align: justify;\">Bruno Irl\u00e8s dans <a href=\"https:\/\/www.sudouest.fr\/gironde\/bordeaux\/leur-annee-2025-bruno-irles-entraineur-des-girondins-de-bordeaux-mon-fait-marquant-c-est-l-epopee-de-l-ubb-en-coupe-d-europe-27249092.php\" target=\"_blank\" rel=\"noopener\">Sud Ouest<\/a> : \u201cDans la p\u00e9riode un peu critique en d\u00e9but de saison, toutes les personnes que j\u2019ai pu croiser m\u2019encourageaient \u00e0 ne pas l\u00e2cher. Il y a \u00e9norm\u00e9ment d\u2019amoureux des Girondins qui sont dans l\u2019attente, l\u2019espoir de voir leur club repartir. <\/p>\n<p>On est tr\u00e8s suivis, nos matchs font plus d\u2019audience que certains matchs de Premier League. Il est beaucoup plus facile aujourd\u2019hui de supporter le PSG que les Girondins et, pourtant, les supporters sont tr\u00e8s nombreux.\u201d<\/p>\n<p class=\"p1\">Avant d&rsquo;entamer sa belle s\u00e9rie de victoires, Bordeaux avait connu des d\u00e9buts compliqu\u00e9s avec seulement deux victoires en six journ\u00e9es de National 2. D\u00e9sormais leader, Bordeaux reprend la route du championnat le samedi 10 janvier face au troisi\u00e8me, Bayonne, au stade Atlantique.<\/p>\n<p>\u00c0 lire &gt;&gt; <a href=\"https:\/\/www.webgirondins.com\/actualite-girondins-girondins-pierre-lees-melou-affirme-son-attachement-au-club-bordelais-131668\" target=\"_blank\" rel=\"noopener\"><strong>Girondins : Pierre Lees-Melou affirme son attachement au club bordelais<\/strong><\/a><\/p>\n<p class=\"p1\"><strong>\u00a0<\/strong><\/p>\n<p>\u00c9coutez notre podcast court d&rsquo;actu sur les Girondins :<\/p>\n<p style=\"text-align: justify;\">\u00a0<\/p>\n","protected":false},"excerpt":{"rendered":"\u00a9 Iconsport Girondins de Bordeaux : Bruno Irl\u00e8s rend hommage aux supporters Marine et Blanc Pour 2025, l\u2019entra\u00eeneur&hellip;\n","protected":false},"author":2,"featured_media":636484,"comment_status":"","ping_status":"","sticky":false,"template":"","format":"standard","meta":{"footnotes":""},"categories":[2817],"tags":[1111,11,22841,1997,3211,33563,1869,16712,1777,674,30305,1011,27,1987,28439,3212,3591,12,2219,378,25,3242,7618,1015,10221],"class_list":{"0":"post-636483","1":"post","2":"type-post","3":"status-publish","4":"format-standard","5":"has-post-thumbnail","7":"category-bordeaux","8":"tag-actu","9":"tag-actualites","10":"tag-affirme","11":"tag-bordeaux","12":"tag-bruno","13":"tag-compter","14":"tag-debut","15":"tag-difficulte","16":"tag-eu","17":"tag-europe","18":"tag-facile","19":"tag-fr","20":"tag-france","21":"tag-girondins","22":"tag-indefectible","23":"tag-irles","24":"tag-leurs","25":"tag-news","26":"tag-nouvelle-aquitaine","27":"tag-plus","28":"tag-republique-francaise","29":"tag-saison","30":"tag-soutien","31":"tag-supporter","32":"tag-supporters"},"share_on_mastodon":{"url":"https:\/\/pubeurope.com\/@fr\/115826350172350420","error":""},"_links":{"self":[{"href":"https:\/\/www.europesays.com\/fr\/wp-json\/wp\/v2\/posts\/636483","targetHints":{"allow":["GET"]}}],"collection":[{"href":"https:\/\/www.europesays.com\/fr\/wp-json\/wp\/v2\/posts"}],"about":[{"href":"https:\/\/www.europesays.com\/fr\/wp-json\/wp\/v2\/types\/post"}],"author":[{"embeddable":true,"href":"https:\/\/www.europesays.com\/fr\/wp-json\/wp\/v2\/users\/2"}],"replies":[{"embeddable":true,"href":"https:\/\/www.europesays.com\/fr\/wp-json\/wp\/v2\/comments?post=636483"}],"version-history":[{"count":0,"href":"https:\/\/www.europesays.com\/fr\/wp-json\/wp\/v2\/posts\/636483\/revisions"}],"wp:featuredmedia":[{"embeddable":true,"href":"https:\/\/www.europesays.com\/fr\/wp-json\/wp\/v2\/media\/636484"}],"wp:attachment":[{"href":"https:\/\/www.europesays.com\/fr\/wp-json\/wp\/v2\/media?parent=636483"}],"wp:term":[{"taxonomy":"category","embeddable":true,"href":"https:\/\/www.europesays.com\/fr\/wp-json\/wp\/v2\/categories?post=636483"},{"taxonomy":"post_tag","embeddable":true,"href":"https:\/\/www.europesays.com\/fr\/wp-json\/wp\/v2\/tags?post=636483"}],"curies":[{"name":"wp","href":"https:\/\/api.w.org\/{rel}","templated":true}]}}