{"id":636485,"date":"2026-01-02T16:03:10","date_gmt":"2026-01-02T16:03:10","guid":{"rendered":"https:\/\/www.europesays.com\/fr\/636485\/"},"modified":"2026-01-02T16:03:10","modified_gmt":"2026-01-02T16:03:10","slug":"karine-traval-michel-presente-ses-voeux-et-ouvre-la-page-de-2026","status":"publish","type":"post","link":"https:\/\/www.europesays.com\/fr\/636485\/","title":{"rendered":"Karine Traval-Michel pr\u00e9sente ses v\u0153ux et ouvre la page de 2026"},"content":{"rendered":"<p>Une nouvelle \u00e9tape politique. \u00c0 l\u2019occasion de la nouvelle ann\u00e9e, Karine Traval-Michelet, maire PS de <a href=\"https:\/\/lopinion.com\/\" rel=\"noopener noreferrer\" target=\"_blank\">Colomiers<\/a> et candidate \u00e0 l&rsquo;\u00e9lection municipale de 2026, a adress\u00e9 ses v\u0153ux aux Colum\u00e9rins dans <strong>une vid\u00e9o diffus\u00e9e sur les r\u00e9seaux sociaux<\/strong>.<\/p>\n<p>Entour\u00e9e de son \u00e9quipe \u00ab\u00a0Esprit Colomiers 2026\u00a0\u00bb, <strong>la vice-pr\u00e9sidente de Toulouse M\u00e9tropole est revenue sur une ann\u00e9e 2025 marqu\u00e9e par de fortes turbulences nationales, tout en mettant en avant la solidit\u00e9 du bilan municipal<\/strong>.<\/p>\n<p>La maire sortante n\u2019a pas \u00e9lud\u00e9 le contexte difficile, \u00e9voquant la crise financi\u00e8re li\u00e9e au d\u00e9ficit de l\u2019\u00c9tat et une instabilit\u00e9 politique in\u00e9dite. <strong>\u00ab\u00a0Malgr\u00e9 cela, nous avons tenu le cap\u00a0\u00bb, assure-t-elle, soulignant le maintien d\u2019un haut niveau de services publics<\/strong>.<\/p>\n<p>Depuis 2020, <strong>pr\u00e8s de 85 % des engagements du mandat ont \u00e9t\u00e9 tenus<\/strong>, assure l&rsquo;\u00e9lue, qui met en avant une gestion financi\u00e8re rigoureuse. <strong>L\u2019endettement communal a \u00e9t\u00e9 ramen\u00e9 \u00e0 435 euros par habitant<\/strong>, bien en dessous de la moyenne des communes comparables.<\/p>\n<p>Grands projets et mobilit\u00e9s au c\u0153ur des priorit\u00e9s<\/p>\n<p>Parmi les projets structurants \u00e9voqu\u00e9s, <strong>Karine Traval-Michelet cite le d\u00e9veloppement du Grand Val d\u2019Aran, avec de nouveaux logements et la future maison des arts martiaux et de la boxe, ainsi que l\u2019arriv\u00e9e de la ligne C du m\u00e9tro<\/strong>.<\/p>\n<p>Deux stations (Colomiers Gare et Fontaine Lumineuse) et deux parkings doivent renforcer l\u2019attractivit\u00e9 de la commune et accompagner les nouvelles mobilit\u00e9s. <strong>La <\/strong><a href=\"https:\/\/lopinion.com\/articles\/politique\/31375_colomiers-clspd-delinquance-moyens\" rel=\"noopener noreferrer\" target=\"_blank\"><strong>s\u00e9curit\u00e9<\/strong><\/a><strong> reste \u00e9galement un axe fort de l\u2019action municipale<\/strong>.<\/p>\n<p><strong>Le p\u00f4le \u00ab\u00a0police municipale et tranquillit\u00e9 publique\u00a0\u00bb compte d\u00e9sormais plus de 60 agents, dont pr\u00e8s de 30 policiers municipaux<\/strong>. Brigade de nuit, unit\u00e9s VTT, moto et cynophile, ainsi qu\u2019un r\u00e9seau de vid\u00e9oprotection de <strong>pr\u00e8s de 170 cam\u00e9ras compl\u00e8tent le dispositif<\/strong>.<\/p>\n<p>Jeunesses, seniors et sant\u00e9 au centre du projet<\/p>\n<p>La maire sortante a \u00e9galement mis l\u2019accent sur les politiques de solidarit\u00e9. Elle annonce, en cas de r\u00e9\u00e9lection, <strong>l\u2019ouverture d\u2019une grande conf\u00e9rence d\u00e9di\u00e9e aux jeunesses de Colomiers, ainsi que la poursuite des actions en faveur des seniors<\/strong>.<\/p>\n<p>La sant\u00e9 figure aussi parmi les priorit\u00e9s, avec le lancement annonc\u00e9 d\u2019un nouveau centre de sant\u00e9, en lien avec la R\u00e9gion et l\u2019ARS. Le soutien au tissu associatif reste un marqueur fort, avec des subventions, des aides indirectes et la cr\u00e9ation d\u2019une <strong>nouvelle maison des associations<\/strong>.<\/p>\n<p>Cin\u00e9ma V\u00e9o Grand Central, \u00e9cole Simone-Veil, cr\u00e8che Marie-Curie, mutuelle communale, Maison des Transitions \u00c9cologiques ou encore Maison Citoyenne d\u2019En Jacca : <strong>l&rsquo;\u00e9lue a rappel\u00e9 plusieurs r\u00e9alisations embl\u00e9matiques du mandat<\/strong>.<\/p>\n<p><strong>La vice-pr\u00e9sidente de Toulouse M\u00e9tropole a \u00e9galement salu\u00e9 l\u2019engagement des agents municipaux<\/strong>, qu\u2019elle juge essentiels \u00e0 la qualit\u00e9 du service public local, rappelant le r\u00f4le central qu\u2019ils jouent dans le fonctionnement quotidien de la commune.<\/p>\n<p>Enfin, <strong>Karine Traval-Michelet a donn\u00e9 rendez-vous aux Colum\u00e9rins le 21 janvier prochain \u00e0 20 heures, \u00e0 la salle Gascogne<\/strong>, pour la pr\u00e9sentation de la liste \u00ab\u00a0Esprit Colomiers 2026\u00a0\u00bb et des premi\u00e8res mesures de son programme.<\/p>\n<p>&gt;&gt; \u00c0 LIRE AUSSI : <a href=\"https:\/\/lopinion.com\/articles\/politique\/31531_municipales-2026-toulouse-julien-leonardelli\" rel=\"noopener noreferrer\" target=\"_blank\">Municipales 2026 \u00e0 Toulouse : Julien Leonardelli entre en lice et appelle au \u00ab\u00a0bon sens toulousain\u00a0\u00bb<\/a><\/p>\n","protected":false},"excerpt":{"rendered":"Une nouvelle \u00e9tape politique. \u00c0 l\u2019occasion de la nouvelle ann\u00e9e, Karine Traval-Michelet, maire PS de Colomiers et candidate&hellip;\n","protected":false},"author":2,"featured_media":636486,"comment_status":"","ping_status":"","sticky":false,"template":"","format":"standard","meta":{"footnotes":""},"categories":[2816],"tags":[1111,11,1777,674,1011,27,12,2680,25,2312],"class_list":{"0":"post-636485","1":"post","2":"type-post","3":"status-publish","4":"format-standard","5":"has-post-thumbnail","7":"category-toulouse","8":"tag-actu","9":"tag-actualites","10":"tag-eu","11":"tag-europe","12":"tag-fr","13":"tag-france","14":"tag-news","15":"tag-occitanie","16":"tag-republique-francaise","17":"tag-toulouse"},"share_on_mastodon":{"url":"https:\/\/pubeurope.com\/@fr\/115826354067104087","error":""},"_links":{"self":[{"href":"https:\/\/www.europesays.com\/fr\/wp-json\/wp\/v2\/posts\/636485","targetHints":{"allow":["GET"]}}],"collection":[{"href":"https:\/\/www.europesays.com\/fr\/wp-json\/wp\/v2\/posts"}],"about":[{"href":"https:\/\/www.europesays.com\/fr\/wp-json\/wp\/v2\/types\/post"}],"author":[{"embeddable":true,"href":"https:\/\/www.europesays.com\/fr\/wp-json\/wp\/v2\/users\/2"}],"replies":[{"embeddable":true,"href":"https:\/\/www.europesays.com\/fr\/wp-json\/wp\/v2\/comments?post=636485"}],"version-history":[{"count":0,"href":"https:\/\/www.europesays.com\/fr\/wp-json\/wp\/v2\/posts\/636485\/revisions"}],"wp:featuredmedia":[{"embeddable":true,"href":"https:\/\/www.europesays.com\/fr\/wp-json\/wp\/v2\/media\/636486"}],"wp:attachment":[{"href":"https:\/\/www.europesays.com\/fr\/wp-json\/wp\/v2\/media?parent=636485"}],"wp:term":[{"taxonomy":"category","embeddable":true,"href":"https:\/\/www.europesays.com\/fr\/wp-json\/wp\/v2\/categories?post=636485"},{"taxonomy":"post_tag","embeddable":true,"href":"https:\/\/www.europesays.com\/fr\/wp-json\/wp\/v2\/tags?post=636485"}],"curies":[{"name":"wp","href":"https:\/\/api.w.org\/{rel}","templated":true}]}}