{"id":636491,"date":"2026-01-02T16:06:49","date_gmt":"2026-01-02T16:06:49","guid":{"rendered":"https:\/\/www.europesays.com\/fr\/636491\/"},"modified":"2026-01-02T16:06:49","modified_gmt":"2026-01-02T16:06:49","slug":"can-2025-des-affrontements-entre-joueurs-et-anciens-du-losc-en-huitiemes-de-finale","status":"publish","type":"post","link":"https:\/\/www.europesays.com\/fr\/636491\/","title":{"rendered":"CAN 2025 : Des affrontements entre joueurs et anciens du LOSC en huiti\u00e8mes de finale"},"content":{"rendered":"<p>Publi\u00e9 le 1 janvier 2026 \u00e0 07:01<\/p>\n<p><strong>La phase de groupes de la CAN 2025 a rendu son verdict<br \/>\nce mercredi soir. On conna\u00eet d\u00e9sormais l\u2019ensemble des affiches des<br \/>\nhuiti\u00e8mes de finale de la comp\u00e9tition.<\/strong><\/p>\n<p>Alors que la Ligue 1 va bient\u00f4t reprendre ses droits avec le<br \/>\nd\u00e9but de la 17\u00e8me journ\u00e9e ce vendredi soir, la Coupe d\u2019Afrique des<br \/>\nNations 2025 continue son d\u00e9roul\u00e9 avec une fin de phase de groupes<br \/>\nmouvement\u00e9e. Celle-ci s\u2019est achev\u00e9e ce mercredi avec un<br \/>\nretournement de score de la C\u00f4te d\u2019Ivoire, men\u00e9e 2-0 face au Gabon<br \/>\net finalement vainqueur 3-2 gr\u00e2ce \u00e0 un but en fin de rencontre. Ces<br \/>\nderniers r\u00e9sultats ont ainsi permis de compl\u00e9ter le tableau pour le<br \/>\nreste de la comp\u00e9tition, avec des affrontements de taille en<br \/>\nperspective.<\/p>\n<p>Ces huiti\u00e8mes de finale d\u00e9buteront le samedi 3 janvier \u00e0 17h<br \/>\navec le S\u00e9n\u00e9gal d\u2019<strong>Idrissa Gueye<\/strong> qui affrontera<br \/>\nl\u2019un des petits poucets de cette phase finale, le Soudan. Dans la<br \/>\nfoul\u00e9e \u00e0 20h, deux anciens Dogues s\u2019opposeront pour une place au<br \/>\ntour suivant : le Mali d\u2019<strong>Yves Bissouma<\/strong> face \u00e0 la<br \/>\nTunisie de <strong>Na\u00efm Sliti<\/strong>. Le lendemain \u00e0 17h,<br \/>\n<strong>Hamza Igamane<\/strong> pourrait conna\u00eetre ses premiers pas<br \/>\ndans la comp\u00e9tition avec le Maroc face \u00e0 la Tanzanie tandis que le<br \/>\nCameroun de <strong>Carlos Baleba<\/strong> sera oppos\u00e9 \u00e0 l\u2019Afrique<br \/>\ndu Sud \u00e0 20h. Le lundi 5 janvier, apr\u00e8s \u00c9gypte-B\u00e9nin \u00e0 17h, deux<br \/>\nanciens Dogues seront aux prises, probablement dans la m\u00eame zone<br \/>\npuisque le Mozambique de <strong>Reinildo<\/strong> d\u00e9fiera le<br \/>\nNig\u00e9ria de <strong>Victor Osimhen<\/strong> en grande forme durant<br \/>\nla phase de groupes. La derni\u00e8re journ\u00e9e de ces 1\/8 de finale<br \/>\nd\u00e9butera \u00e0 17h par le duel entre l\u2019Alg\u00e9rie d\u2019<strong>A\u00efssa<br \/>\nMandi<\/strong> et la R\u00e9publique D\u00e9mocratique du Congo de<br \/>\n<strong>Chancel Mbemba<\/strong> et <strong>Ngal\u2019ayel Mukau<\/strong><br \/>\net se terminera \u00e0 20h avec le Burkina Faso d\u2019<strong>Herv\u00e9<br \/>\nKoffi<\/strong> face au dernier champion d\u2019Afrique, la C\u00f4te<br \/>\nd\u2019Ivoire.<\/p>\n<p>Le programme des huiti\u00e8mes de finale<\/p>\n<ul>\n<li>Samedi 3 janvier \u2013 17h : S\u00e9n\u00e9gal (Idrissa Gueye) vs<br \/>\nSoudan<\/li>\n<li>Samedi 3 janvier \u2013 20h : Mali (Yves Bissouma) vs<br \/>\nTunisie (Na\u00efm Sliti)<\/li>\n<li>Dimanche 4 janvier \u2013 17h : Maroc<br \/>\n(<strong>Hamza<\/strong> <strong>Igamane<\/strong>) vs<br \/>\nTanzanie<\/li>\n<li>Dimanche 4 janvier \u2013 20h : Cameroun (Carlos Baleba) vs<br \/>\nAfrique du Sud<\/li>\n<li>Lundi 5 janvier \u2013 17h : \u00c9gypte vs B\u00e9nin<\/li>\n<li>Lundi 5 janvier \u2013 20h : Nig\u00e9ria (Victor Osimhen) vs<br \/>\nMozambique (Reinildo)<\/li>\n<li>Mardi 6 janvier \u2013 17h : Alg\u00e9rie (<strong>A\u00efssa<br \/>\nMandi<\/strong>) vs RD Congo (<strong>Chancel<br \/>\nMbemba<\/strong>,\u00a0<strong>Ngal\u2019ayel<br \/>\nMukau<\/strong>)<\/li>\n<li>Mardi 6 janvier \u2013 20h : C\u00f4te d\u2019Ivoire vs Burkina Faso<br \/>\n(Herv\u00e9 Koffi)<\/li>\n<\/ul>\n","protected":false},"excerpt":{"rendered":"Publi\u00e9 le 1 janvier 2026 \u00e0 07:01 La phase de groupes de la CAN 2025 a rendu son&hellip;\n","protected":false},"author":2,"featured_media":636492,"comment_status":"","ping_status":"","sticky":false,"template":"","format":"standard","meta":{"footnotes":""},"categories":[2815],"tags":[1111,11,1777,674,1011,27,811,1307,12,25],"class_list":{"0":"post-636491","1":"post","2":"type-post","3":"status-publish","4":"format-standard","5":"has-post-thumbnail","7":"category-lille","8":"tag-actu","9":"tag-actualites","10":"tag-eu","11":"tag-europe","12":"tag-fr","13":"tag-france","14":"tag-hauts-de-france","15":"tag-lille","16":"tag-news","17":"tag-republique-francaise"},"share_on_mastodon":{"url":"https:\/\/pubeurope.com\/@fr\/115826369822743917","error":""},"_links":{"self":[{"href":"https:\/\/www.europesays.com\/fr\/wp-json\/wp\/v2\/posts\/636491","targetHints":{"allow":["GET"]}}],"collection":[{"href":"https:\/\/www.europesays.com\/fr\/wp-json\/wp\/v2\/posts"}],"about":[{"href":"https:\/\/www.europesays.com\/fr\/wp-json\/wp\/v2\/types\/post"}],"author":[{"embeddable":true,"href":"https:\/\/www.europesays.com\/fr\/wp-json\/wp\/v2\/users\/2"}],"replies":[{"embeddable":true,"href":"https:\/\/www.europesays.com\/fr\/wp-json\/wp\/v2\/comments?post=636491"}],"version-history":[{"count":0,"href":"https:\/\/www.europesays.com\/fr\/wp-json\/wp\/v2\/posts\/636491\/revisions"}],"wp:featuredmedia":[{"embeddable":true,"href":"https:\/\/www.europesays.com\/fr\/wp-json\/wp\/v2\/media\/636492"}],"wp:attachment":[{"href":"https:\/\/www.europesays.com\/fr\/wp-json\/wp\/v2\/media?parent=636491"}],"wp:term":[{"taxonomy":"category","embeddable":true,"href":"https:\/\/www.europesays.com\/fr\/wp-json\/wp\/v2\/categories?post=636491"},{"taxonomy":"post_tag","embeddable":true,"href":"https:\/\/www.europesays.com\/fr\/wp-json\/wp\/v2\/tags?post=636491"}],"curies":[{"name":"wp","href":"https:\/\/api.w.org\/{rel}","templated":true}]}}