{"id":636499,"date":"2026-01-02T16:10:12","date_gmt":"2026-01-02T16:10:12","guid":{"rendered":"https:\/\/www.europesays.com\/fr\/636499\/"},"modified":"2026-01-02T16:10:12","modified_gmt":"2026-01-02T16:10:12","slug":"hommage-a-serge-roy-lors-de-la-reception-de-lyon","status":"publish","type":"post","link":"https:\/\/www.europesays.com\/fr\/636499\/","title":{"rendered":"Hommage \u00e0 Serge Roy lors de la r\u00e9ception de Lyon"},"content":{"rendered":"<p>\n                En hommage \u00e0 Serge Roy, vainqueur de la Coupe de France en 1960 et champion de France en 1961 avec l&rsquo;AS Monaco, une minute d&rsquo;applaudissements sera observ\u00e9e avant le coup d&rsquo;envoi du match contre Lyon. Les joueurs et le staff arboreront un brassard noir.\n            <\/p>\n<p>C\u2019est avec une immense tristesse que l\u2019AS Monaco a appris, le 26 d\u00e9cembre dernier, le d\u00e9c\u00e8s de Serge Roy (93 ans), attaquant du club entre 1957 et 1962.<\/p>\n<p>Rejoignant des Rouge &amp; Blanc alors en pleine ascension, Serge Roy a \u00e9t\u00e9 l\u2019un des grands artisans des premi\u00e8res ann\u00e9es glorieuses du club de la Principaut\u00e9.<\/p>\n<p>Le natif de Beaune a d\u2019abord remport\u00e9 la Coupe de France 1960, premier troph\u00e9e majeur de l\u2019AS Monaco, au cours d\u2019une \u00e9pop\u00e9e historique dont il fut un acteur majeur, en trouvant la faille contre Annecy, Forbach et Nice, avant d\u2019inscrire un doubl\u00e9 lors de <a href=\"https:\/\/www.asmonaco.com\/quand-las-monaco-soulevait-sa-premiere-coupe-de-france\/\" target=\"_blank\" rel=\"noopener\">la finale victorieuse face \u00e0 Saint-Etienne (4 buts \u00e0 2 apr\u00e8s prolongation)<\/a>.<\/p>\n<p>\ufeff<\/p>\n<p>L\u2019ann\u00e9e suivante, en 1961, Serge Roy et l\u2019AS Monaco soul\u00e8vent ensuite\u00a0<a href=\"https:\/\/www.asmonaco.com\/quand-las-monaco-decrochait-son-premier-titre-de-champion-de-france\/\" target=\"_blank\" rel=\"noopener\">leur premier championnat de France<\/a> ! Emmen\u00e9s notamment par <a href=\"https:\/\/www.asmonaco.com\/lucien-cossou-lattaquant-au-sang-froid\/\" target=\"_blank\" rel=\"noopener\">Lucien Cossou<\/a>,\u00a0<a href=\"https:\/\/www.asmonaco.com\/michel-hidalgo-un-monument-adosse-a-jamais-au-rocher\/\" target=\"_blank\" rel=\"noopener\">Michel Hidalgo<\/a> ou bien encore <a href=\"https:\/\/www.asmonaco.com\/karimou-djibrill-lattaquant-togolais-de-grand-talent-des-sixties\/\" target=\"_blank\" rel=\"noopener\">Karimou Djibrill<\/a>, les Mon\u00e9gasques devancent au terme d\u2019une saison folle, le RC Paris, lors de la derni\u00e8re journ\u00e9e de championnat. Une ann\u00e9e exceptionnelle au cours de laquelle Serge Roy est \u00e9galement appel\u00e9 pour la premi\u00e8re fois en \u00c9quipe de France \u2013 dont il \u00e9tait le doyen jusqu\u2019\u00e0 ce qu\u2019il nous quitte.<\/p>\n<p>Au cours de ses cinq saisons pass\u00e9es sur le Rocher, Serge Roy, p\u00e8re de l\u2019actuel entraineur de Brest, Eric Roy, a disput\u00e9 127 reprises et inscrit 62 buts sous le maillot \u00e0 diagonale.<\/p>\n<p>Afin de lui rendre un dernier hommage au Stade Louis-II, une minute d\u2019applaudissements sera observ\u00e9e avant le coup d\u2019envoi de\u00a0<a href=\"https:\/\/www.asmonaco.com\/parking-trains-11e-les-infos-pratiques-et-billetterie-pour-monaco-lyon-au-stade-louis-ii\/\" target=\"_blank\" rel=\"noopener\">la rencontre de demain face \u00e0 Lyon<\/a> (coup d\u2019envoi \u00e0 17h). En sa m\u00e9moire, les joueurs et le staff rev\u00eatiront \u00e9galement un brassard noir.<\/p>\n<p><a href=\"https:\/\/www.europesays.com\/fr\/wp-content\/uploads\/2026\/01\/serge-roy.jpg\"><img fetchpriority=\"high\" decoding=\"async\" class=\"wp-image-760933 size-full\" src=\"https:\/\/www.europesays.com\/fr\/wp-content\/uploads\/2026\/01\/serge-roy.jpg\" alt=\"\" width=\"1160\" height=\"650\"  \/><\/a>Serge Roy : en bas au centre de la photo<\/p>\n<p>\u00a0<\/p>\n<p>\u00a0<\/p>\n","protected":false},"excerpt":{"rendered":"En hommage \u00e0 Serge Roy, vainqueur de la Coupe de France en 1960 et champion de France en&hellip;\n","protected":false},"author":2,"featured_media":636500,"comment_status":"","ping_status":"","sticky":false,"template":"","format":"standard","meta":{"footnotes":""},"categories":[1889],"tags":[1111,11,2430,1777,674,1011,27,2428,12,25],"class_list":{"0":"post-636499","1":"post","2":"type-post","3":"status-publish","4":"format-standard","5":"has-post-thumbnail","7":"category-lyon","8":"tag-actu","9":"tag-actualites","10":"tag-auvergne-rhone-alpes","11":"tag-eu","12":"tag-europe","13":"tag-fr","14":"tag-france","15":"tag-lyon","16":"tag-news","17":"tag-republique-francaise"},"share_on_mastodon":{"url":"https:\/\/pubeurope.com\/@fr\/115826381540043208","error":""},"_links":{"self":[{"href":"https:\/\/www.europesays.com\/fr\/wp-json\/wp\/v2\/posts\/636499","targetHints":{"allow":["GET"]}}],"collection":[{"href":"https:\/\/www.europesays.com\/fr\/wp-json\/wp\/v2\/posts"}],"about":[{"href":"https:\/\/www.europesays.com\/fr\/wp-json\/wp\/v2\/types\/post"}],"author":[{"embeddable":true,"href":"https:\/\/www.europesays.com\/fr\/wp-json\/wp\/v2\/users\/2"}],"replies":[{"embeddable":true,"href":"https:\/\/www.europesays.com\/fr\/wp-json\/wp\/v2\/comments?post=636499"}],"version-history":[{"count":0,"href":"https:\/\/www.europesays.com\/fr\/wp-json\/wp\/v2\/posts\/636499\/revisions"}],"wp:featuredmedia":[{"embeddable":true,"href":"https:\/\/www.europesays.com\/fr\/wp-json\/wp\/v2\/media\/636500"}],"wp:attachment":[{"href":"https:\/\/www.europesays.com\/fr\/wp-json\/wp\/v2\/media?parent=636499"}],"wp:term":[{"taxonomy":"category","embeddable":true,"href":"https:\/\/www.europesays.com\/fr\/wp-json\/wp\/v2\/categories?post=636499"},{"taxonomy":"post_tag","embeddable":true,"href":"https:\/\/www.europesays.com\/fr\/wp-json\/wp\/v2\/tags?post=636499"}],"curies":[{"name":"wp","href":"https:\/\/api.w.org\/{rel}","templated":true}]}}