{"id":6365,"date":"2025-04-06T22:20:16","date_gmt":"2025-04-06T22:20:16","guid":{"rendered":"https:\/\/www.europesays.com\/fr\/6365\/"},"modified":"2025-04-06T22:20:16","modified_gmt":"2025-04-06T22:20:16","slug":"bebe-en-route-zaz-va-devenir-maman-a-44-ans-m-radio","status":"publish","type":"post","link":"https:\/\/www.europesays.com\/fr\/6365\/","title":{"rendered":"B\u00e9b\u00e9 en route : Zaz va devenir maman \u00e0 44 ans ! &#8211; M Radio"},"content":{"rendered":"<ol>\n<li><a href=\"https:\/\/news.google.com\/rss\/articles\/CBMihgFBVV95cUxPeTBzSjFxTGhjNW5vRWUwYkRnYWw2UjVwX3pOWGNPYWdVOTYwT2oyRTVLRWZ5VWJjalpJSU9LbkJzNTAwdFJ1Y0dJdGdJZjE4a21rek5sVWdYV3hZa0U3ME1BYWdjWG5fUzN5bFlZZjZLUC1xWlpFTzR1emY0eDNQSWlCUFNzZw?oc=5\" target=\"_blank\" rel=\"noopener\">B\u00e9b\u00e9 en route : Zaz va devenir maman \u00e0 44 ans !<\/a>&nbsp;&nbsp;M Radio<\/li>\n<li><a href=\"https:\/\/news.google.com\/rss\/articles\/CBMizwFBVV95cUxQcEtLQ1dqc0tuMkxsM1dFSGZHU0pPTVB3SnRCcXBFdFJmUFZVQ2h0amxsMjB4M3lFQ3FTZGFqN1RkeENUWUI1VndNNEloYS04U0ZkeFVVWVFGaE5PU3B2Vzc2VTc3M2g2YXFqd3dDdGVlUWgyQktnLV9vc19XS0tmUFhYQjVNeEluVTFKNlJET0xTWWxNa0VjMU1BX1FHa2VwOUJGNzFaQUdtRU1sQ3RlN3BqcVJoSWJYaFNxeGVKbmRDVzFWRWxrLW5FUVowSG8?oc=5\" target=\"_blank\" rel=\"noopener\">\u00c0 44 ans, la chanteuse Zaz attend son premier enfant<\/a>&nbsp;&nbsp;parismatch.be<\/li>\n<li><a href=\"https:\/\/news.google.com\/rss\/articles\/CBMi5gFBVV95cUxPU3VnRVdvSmJkelRaQUlGNXcwRG5qeF9sVDBMM01YSHRXejNzMGM5UlhPeUdnZllHQTM3RTRuekkxQWtlX19VMHQwMTVKRUNzSERFN1Jla3BYclhuZGtVNjJMVE1oWU9QTW5JNW9Za2FockF3R1VsUFV5RE9XVXhzWnNlUnBuOFNFVVRhVWhidHlQOFZsdklCNmxURGcxc3E4T00zYlpuYVkwNjRoR3MteG42VG81RUMybXY4MXZTb3d3OE0tVW5tOHJXQUFwRmhuSWVUcUJzS3N0ZEozZ3ZjMkJ4V3ZzQQ?oc=5\" target=\"_blank\" rel=\"noopener\">Audrey Fleurot cap sur une nouvelle vie \u00e0 quelques semaines de la fin de HPI&#8230; Plus d\u2019infos dans le magazine Public de cette semaine<\/a>&nbsp;&nbsp;public.fr<\/li>\n<li><a href=\"https:\/\/news.google.com\/rss\/articles\/CBMiswFBVV95cUxQNERuaEs0MGJOMzdvNnFvaUVqMjYtejBST3pBbTVpUnBWQlJoN1ZkX3lOX0Q4R1Y5dVJRS2pRME9UNDhuNlJ3Z3Y5V3hRWUtBMjNDNzRZVGE5SGdzYlpodk0xdXF0c0hYU0Z1dGVlUVVEdGNzSkdnTjdmeWZ0cDlDYngybm9ERmxVZlp3RVA2dUZ6dzd5d0RhVWlNMzlhSW1UTlNvNEVWUFc5MGs1TmhhVmpJTQ?oc=5\" target=\"_blank\" rel=\"noopener\">La chanteuse Zaz (The Voice), enceinte \u00e0 44 ans ?<\/a>&nbsp;&nbsp;MSN<\/li>\n<li><a href=\"https:\/\/news.google.com\/rss\/articles\/CBMiuAFBVV95cUxPaFZUdW1OWXFzckp6YmhJTENTUVhfUVlIa1ZyWWQ5VWtfajFLSU1pX2M5UXM4bHdnaTJYQ1g4aTRRdHRKSUdGdnoyYXlqR0tFTkpZbFIwVjRtbldTSjl1MGg3al9zZnVDZkhCclJHLXl5VzR6Mm9YdDBtOFJvU1JqaF90aHY5RGYxR1NuOHV5UVk5UFgwcTJYSTdtdXBGTWdvQ3BfNjZ2UlhHZGRNVkt1dVZoeHViRzhD?oc=5\" target=\"_blank\" rel=\"noopener\">La une des hebdos people ce vendredi : Audrey Fleurot, Zaz enceinte, Hugo Manos\u2026<\/a>&nbsp;&nbsp;LeBlogTVNews<\/li>\n<\/ol>\n","protected":false},"excerpt":{"rendered":"B\u00e9b\u00e9 en route : Zaz va devenir maman \u00e0 44 ans !&nbsp;&nbsp;M Radio \u00c0 44 ans, la chanteuse&hellip;\n","protected":false},"author":2,"featured_media":6366,"comment_status":"","ping_status":"","sticky":false,"template":"","format":"standard","meta":{"footnotes":""},"categories":[1355],"tags":[11,3723,2937,1695,1697,58,59,1011,26,27,3722,1361,3724,873,626,3725,1825],"class_list":{"0":"post-6365","1":"post","2":"type-post","3":"status-publish","4":"format-standard","5":"has-post-thumbnail","7":"category-musique","8":"tag-actualites","9":"tag-actus","10":"tag-artistes","11":"tag-chanson","12":"tag-concert","13":"tag-divertissement","14":"tag-entertainment","15":"tag-fr","16":"tag-francaise","17":"tag-france","18":"tag-mradio","19":"tag-music","20":"tag-musicale","21":"tag-musique","22":"tag-paris","23":"tag-podcast","24":"tag-radio"},"share_on_mastodon":{"url":"https:\/\/pubeurope.com\/@fr\/114293350353849035","error":""},"_links":{"self":[{"href":"https:\/\/www.europesays.com\/fr\/wp-json\/wp\/v2\/posts\/6365","targetHints":{"allow":["GET"]}}],"collection":[{"href":"https:\/\/www.europesays.com\/fr\/wp-json\/wp\/v2\/posts"}],"about":[{"href":"https:\/\/www.europesays.com\/fr\/wp-json\/wp\/v2\/types\/post"}],"author":[{"embeddable":true,"href":"https:\/\/www.europesays.com\/fr\/wp-json\/wp\/v2\/users\/2"}],"replies":[{"embeddable":true,"href":"https:\/\/www.europesays.com\/fr\/wp-json\/wp\/v2\/comments?post=6365"}],"version-history":[{"count":0,"href":"https:\/\/www.europesays.com\/fr\/wp-json\/wp\/v2\/posts\/6365\/revisions"}],"wp:featuredmedia":[{"embeddable":true,"href":"https:\/\/www.europesays.com\/fr\/wp-json\/wp\/v2\/media\/6366"}],"wp:attachment":[{"href":"https:\/\/www.europesays.com\/fr\/wp-json\/wp\/v2\/media?parent=6365"}],"wp:term":[{"taxonomy":"category","embeddable":true,"href":"https:\/\/www.europesays.com\/fr\/wp-json\/wp\/v2\/categories?post=6365"},{"taxonomy":"post_tag","embeddable":true,"href":"https:\/\/www.europesays.com\/fr\/wp-json\/wp\/v2\/tags?post=6365"}],"curies":[{"name":"wp","href":"https:\/\/api.w.org\/{rel}","templated":true}]}}