{"id":636507,"date":"2026-01-02T16:15:11","date_gmt":"2026-01-02T16:15:11","guid":{"rendered":"https:\/\/www.europesays.com\/fr\/636507\/"},"modified":"2026-01-02T16:15:11","modified_gmt":"2026-01-02T16:15:11","slug":"paris-une-personne-sans-abri-retrouvee-morte-sous-la-dalle-des-olympiades","status":"publish","type":"post","link":"https:\/\/www.europesays.com\/fr\/636507\/","title":{"rendered":"Paris\u00a0: une personne sans-abri retrouv\u00e9e morte sous la dalle des Olympiades"},"content":{"rendered":"<p class=\"paragraph text_align_left lp-f-body-02\">Les pompiers n\u2019ont pu que constater son d\u00e9c\u00e8s. Jeudi soir, une personne sans domicile fixe a \u00e9t\u00e9 retrouv\u00e9e morte dans une voie souterraine, situ\u00e9e sous la dalle des Olympiades, rue du Disque (<a href=\"https:\/\/www.leparisien.fr\/paris-75\/paris-75013\/\" target=\"_self\" rel=\"noopener\">XIIIe arrondissement<\/a> de <a href=\"https:\/\/www.leparisien.fr\/paris-75\/\" target=\"_self\" rel=\"noopener\">Paris<\/a>). \u00c2g\u00e9e d\u2019une cinquantaine d\u2019ann\u00e9es, elle est encore en cours d\u2019identification, fait savoir le parquet de Paris.<\/p>\n<p class=\"\">Ce dernier, qui a ouvert une enqu\u00eate en recherche des causes de la mort, confi\u00e9e au commissariat du XIIIe arrondissement, indique qu\u2019une personne a appel\u00e9 les secours pour signaler \u00ab la pr\u00e9sence d\u2019une personne paraissant en d\u00e9tresse \u00bb dans cette voie souterraine.<\/p>\n<p class=\"\">Pour l\u2019heure, la raison de la mort de cette personne reste inconnue.<\/p>\n<p>Un autre SDF retrouv\u00e9 mort<\/p>\n<p class=\"\">Elle fait suite au d\u00e9c\u00e8s d\u2019un autre sans-abri, <a href=\"https:\/\/www.leparisien.fr\/faits-divers\/paris-un-corps-retrouve-dans-le-xviie-arrondissement-lhomme-probablement-mort-de-froid-29-12-2025-QCBC5RGSR5GOPOSZI4VQYJGA5A.php\" target=\"_self\" rel=\"noopener\">mort probablement de froid dimanche dernier<\/a>, dans le <a href=\"https:\/\/www.leparisien.fr\/paris-75\/paris-75017\/\" target=\"_self\" rel=\"noopener\">XVIIe arrondissement<\/a> de la capitale. Cet homme, \u00e2g\u00e9 de 72 ans, \u00e9tait rest\u00e9 dehors, \u00e0 quelques m\u00e8tres du centre Emma\u00fcs Berthier o\u00f9 une chambre l\u2019attendait. \u00ab Ce n\u2019est peut-\u00eatre pas le froid qui l\u2019a tu\u00e9. <a href=\"https:\/\/www.leparisien.fr\/paris-75\/paris-fernand-72-ans-retrouve-mort-probablement-de-froid-dans-la-rue-du-centre-emmaus-ou-il-etait-heberge-29-12-2025-U2Y6BVS7ZBCPRBILARW6GMRBZM.php\" target=\"_self\" rel=\"noopener\">La rue, \u00e7a ab\u00eeme \u00bb, nous confiait Alex, 52 ans<\/a>, h\u00e9berg\u00e9 dans le m\u00eame centre.<\/p>\n","protected":false},"excerpt":{"rendered":"Les pompiers n\u2019ont pu que constater son d\u00e9c\u00e8s. Jeudi soir, une personne sans domicile fixe a \u00e9t\u00e9 retrouv\u00e9e&hellip;\n","protected":false},"author":2,"featured_media":636508,"comment_status":"","ping_status":"","sticky":false,"template":"","format":"standard","meta":{"footnotes":""},"categories":[1888],"tags":[11,1777,674,118,1011,27,1944,12,626,25],"class_list":{"0":"post-636507","1":"post","2":"type-post","3":"status-publish","4":"format-standard","5":"has-post-thumbnail","7":"category-paris","8":"tag-actualites","9":"tag-eu","10":"tag-europe","11":"tag-faits-divers","12":"tag-fr","13":"tag-france","14":"tag-ma-ville","15":"tag-news","16":"tag-paris","17":"tag-republique-francaise"},"share_on_mastodon":{"url":"https:\/\/pubeurope.com\/@fr\/115826401392903793","error":""},"_links":{"self":[{"href":"https:\/\/www.europesays.com\/fr\/wp-json\/wp\/v2\/posts\/636507","targetHints":{"allow":["GET"]}}],"collection":[{"href":"https:\/\/www.europesays.com\/fr\/wp-json\/wp\/v2\/posts"}],"about":[{"href":"https:\/\/www.europesays.com\/fr\/wp-json\/wp\/v2\/types\/post"}],"author":[{"embeddable":true,"href":"https:\/\/www.europesays.com\/fr\/wp-json\/wp\/v2\/users\/2"}],"replies":[{"embeddable":true,"href":"https:\/\/www.europesays.com\/fr\/wp-json\/wp\/v2\/comments?post=636507"}],"version-history":[{"count":0,"href":"https:\/\/www.europesays.com\/fr\/wp-json\/wp\/v2\/posts\/636507\/revisions"}],"wp:featuredmedia":[{"embeddable":true,"href":"https:\/\/www.europesays.com\/fr\/wp-json\/wp\/v2\/media\/636508"}],"wp:attachment":[{"href":"https:\/\/www.europesays.com\/fr\/wp-json\/wp\/v2\/media?parent=636507"}],"wp:term":[{"taxonomy":"category","embeddable":true,"href":"https:\/\/www.europesays.com\/fr\/wp-json\/wp\/v2\/categories?post=636507"},{"taxonomy":"post_tag","embeddable":true,"href":"https:\/\/www.europesays.com\/fr\/wp-json\/wp\/v2\/tags?post=636507"}],"curies":[{"name":"wp","href":"https:\/\/api.w.org\/{rel}","templated":true}]}}