{"id":636509,"date":"2026-01-02T16:16:11","date_gmt":"2026-01-02T16:16:11","guid":{"rendered":"https:\/\/www.europesays.com\/fr\/636509\/"},"modified":"2026-01-02T16:16:11","modified_gmt":"2026-01-02T16:16:11","slug":"paris-fermees-un-mois-a-cause-de-punaises-de-lit-les-salles-de-la-cinematheque-francaise-ont-rouvert","status":"publish","type":"post","link":"https:\/\/www.europesays.com\/fr\/636509\/","title":{"rendered":"Paris\u00a0: ferm\u00e9es un mois \u00e0 cause de punaises de lit, les salles de la Cin\u00e9math\u00e8que fran\u00e7aise ont rouvert"},"content":{"rendered":"<p class=\"paragraph text_align_left lp-f-body-02\">La promesse a \u00e9t\u00e9 respect\u00e9e. Un mois apr\u00e8s avoir leurs fermetures, les quatre salles de cin\u00e9ma de la Cin\u00e9math\u00e8que fran\u00e7aise (<a href=\"https:\/\/www.leparisien.fr\/paris-75\/paris-75012\/\" target=\"_self\" rel=\"noopener\">XIIe arrondissement<\/a> de <a href=\"https:\/\/www.leparisien.fr\/paris-75\/\" target=\"_self\" rel=\"noopener\">Paris<\/a>) ont rouvert ce vendredi 2 janvier.<\/p>\n<p class=\"\"><a href=\"https:\/\/www.leparisien.fr\/culture-loisirs\/cinema\/punaises-de-lit-la-cinematheque-francaise-ferme-ses-quatre-salles-a-paris-pour-un-mois-28-11-2025-IFWKMOJJV5HXNE6RDRM4RN42VU.php\" target=\"_self\" rel=\"noopener\">Elles avaient \u00e9t\u00e9 ferm\u00e9es le 28 novembre dernier<\/a> \u00e0 la suite de plusieurs signalements de punaises de lit, notamment lors de la projection du film \u00ab Alien \u00bb d\u00e9but novembre. Ce soir-l\u00e0, plusieurs spectateurs avaient expliqu\u00e9 \u00eatre rentr\u00e9s chez eux avec des piq\u00fbres. D\u2019autres racontaient <a href=\"https:\/\/www.leparisien.fr\/paris-75\/on-les-voyait-courir-sur-les-sieges-des-spectateurs-devores-par-des-punaises-a-la-cinematheque-de-paris-11-11-2025-WJKOGREWYNBITNEI5IYTALCY3M.php\" target=\"_self\" rel=\"noopener\">avoir vu des insectes \u00ab courir sur les si\u00e8ges et les habits \u00bb<\/a>.<\/p>\n<p>\u00ab Un mois de traitements intensifs \u00bb<\/p>\n<p class=\"\">D\u00e9cision avait alors \u00e9t\u00e9 prise de d\u00e9monter et de traiter \u00ab individuellement \u00e0 la vapeur s\u00e8che \u00e0 180 \u00b0C (et) \u00e0 plusieurs reprises \u00bb l\u2019ensemble des moquettes et des fauteuils de ces salles, de sorte \u00e0 \u00ab garantir \u00bb aux spectateurs \u00ab un environnement parfaitement s\u00fbr et confortable \u00bb, indiquait \u00e0 l\u2019\u00e9poque la Cin\u00e9math\u00e8que dans un communiqu\u00e9.<\/p>\n<p class=\"\">Apr\u00e8s \u00ab un mois de traitements intensifs et rigoureux des espaces \u00bb, les salles ont pu rouvrir, notamment gr\u00e2ce au \u00ab traitement approfondi des fauteuils et moquettes \u00bb et \u00e0 \u00ab des contr\u00f4les canins renforc\u00e9s \u00bb, fait savoir le lieu parisien dans un nouveau communiqu\u00e9. De quoi permettre d\u2019affirmer qu\u2019aucune punaise de lit n\u2019est pr\u00e9sente dans les salles, o\u00f9 les \u00ab conditions d\u2019accueil optimales \u00bb sont d\u00e9sormais garanties.<\/p>\n<p class=\"\">Si le reste du lieu a pu rester ouvert, la programmation dans les salles a \u00e9t\u00e9 perturb\u00e9e en ce mois de d\u00e9cembre. Mais gr\u00e2ce \u00e0 la r\u00e9ouverture, les s\u00e9ances de \u00ab Ma petit Cin\u00e9math\u00e8que \u00bb, destin\u00e9es aux enfants d\u00e8s trois ans, pourront reprendre leur rythme habituel (mercredi, dimanches et vacances scolaires).<\/p>\n<p class=\"\">Aussi, la Cin\u00e9math\u00e8que fran\u00e7aise fait savoir que l\u2019exposition \u00ab My Name Is Orson Welles \u00bb sera prolong\u00e9e jusqu\u2019au 18 janvier au soir.<\/p>\n","protected":false},"excerpt":{"rendered":"La promesse a \u00e9t\u00e9 respect\u00e9e. Un mois apr\u00e8s avoir leurs fermetures, les quatre salles de cin\u00e9ma de la&hellip;\n","protected":false},"author":2,"featured_media":636510,"comment_status":"","ping_status":"","sticky":false,"template":"","format":"standard","meta":{"footnotes":""},"categories":[1888],"tags":[11,1777,674,1011,27,1944,12,626,25],"class_list":{"0":"post-636509","1":"post","2":"type-post","3":"status-publish","4":"format-standard","5":"has-post-thumbnail","7":"category-paris","8":"tag-actualites","9":"tag-eu","10":"tag-europe","11":"tag-fr","12":"tag-france","13":"tag-ma-ville","14":"tag-news","15":"tag-paris","16":"tag-republique-francaise"},"share_on_mastodon":{"url":"https:\/\/pubeurope.com\/@fr\/115826405110774763","error":""},"_links":{"self":[{"href":"https:\/\/www.europesays.com\/fr\/wp-json\/wp\/v2\/posts\/636509","targetHints":{"allow":["GET"]}}],"collection":[{"href":"https:\/\/www.europesays.com\/fr\/wp-json\/wp\/v2\/posts"}],"about":[{"href":"https:\/\/www.europesays.com\/fr\/wp-json\/wp\/v2\/types\/post"}],"author":[{"embeddable":true,"href":"https:\/\/www.europesays.com\/fr\/wp-json\/wp\/v2\/users\/2"}],"replies":[{"embeddable":true,"href":"https:\/\/www.europesays.com\/fr\/wp-json\/wp\/v2\/comments?post=636509"}],"version-history":[{"count":0,"href":"https:\/\/www.europesays.com\/fr\/wp-json\/wp\/v2\/posts\/636509\/revisions"}],"wp:featuredmedia":[{"embeddable":true,"href":"https:\/\/www.europesays.com\/fr\/wp-json\/wp\/v2\/media\/636510"}],"wp:attachment":[{"href":"https:\/\/www.europesays.com\/fr\/wp-json\/wp\/v2\/media?parent=636509"}],"wp:term":[{"taxonomy":"category","embeddable":true,"href":"https:\/\/www.europesays.com\/fr\/wp-json\/wp\/v2\/categories?post=636509"},{"taxonomy":"post_tag","embeddable":true,"href":"https:\/\/www.europesays.com\/fr\/wp-json\/wp\/v2\/tags?post=636509"}],"curies":[{"name":"wp","href":"https:\/\/api.w.org\/{rel}","templated":true}]}}