{"id":636513,"date":"2026-01-02T16:18:15","date_gmt":"2026-01-02T16:18:15","guid":{"rendered":"https:\/\/www.europesays.com\/fr\/636513\/"},"modified":"2026-01-02T16:18:15","modified_gmt":"2026-01-02T16:18:15","slug":"nouveau-chef-de-cabinet-kiev-dit-ne-viser-que-des-cibles-militaires","status":"publish","type":"post","link":"https:\/\/www.europesays.com\/fr\/636513\/","title":{"rendered":"nouveau chef de cabinet\u00a0; Kiev dit ne viser que des cibles militaires"},"content":{"rendered":"<p>L\u2019avanc\u00e9e russe la plus importante en 2025<\/p>\n<p>Les forces russes ont r\u00e9alis\u00e9 en Ukraine leur plus forte progression l\u2019an dernier, \u00e0 l\u2019exception de 2022, selon l\u2019analyse par l\u2019AFP des donn\u00e9es de l\u2019Institut am\u00e9ricain pour l\u2019\u00e9tude de la guerre (ISW) le vendredi 2\u00a0janvier, qui travaille avec le Critical Threats Project (CTP), deux centres de r\u00e9flexion am\u00e9ricains sp\u00e9cialis\u00e9s dans l\u2019\u00e9tude des conflits.<\/p>\n<p>La Russie s\u2019est empar\u00e9e de plus de 5,600\u00a0km2 de territoire, soit davantage que les ann\u00e9es 2024 et 2023 r\u00e9unies, selon ces donn\u00e9es. Ces 5,600\u00a0km2 repr\u00e9sentent 0,94\u00a0% de la superficie de l\u2019Ukraine.<\/p>\n<p>Zelensky choisit le chef du renseignement militaire Boudanov pour diriger son cabinet<\/p>\n<p>Volodymyr Zelensky a annonc\u00e9 vendredi 2\u00a0janvier avoir choisi le chef du renseignement militaire Kyrylo Boudanov, r\u00e9put\u00e9 pour avoir orchestr\u00e9 de retentissantes op\u00e9rations contre la Russie, pour diriger son administration.<\/p>\n<p>\u00ab\u00a0J\u2019ai rencontr\u00e9 Kyrylo Boudanov et lui ai propos\u00e9 de prendre la t\u00eate du cabinet pr\u00e9sidentiel\u00a0\u00bb, a \u00e9crit Volodymyr Zelensky sur les r\u00e9seaux sociaux. Le pr\u00e9c\u00e9dent chef de son administration, Andri\u00ef Iermak, tr\u00e8s influent, avait quitt\u00e9 son poste fin novembre \u00e0 la suite d\u2019un scandale de <a href=\"https:\/\/www.la-croix.com\/international\/zelensky-a-un-tournant-de-son-mandat-isole-dans-une-ukraine-en-guerre-20251211\" data-tracking=\"inpage_click\" data-tracking-action=\"lire un article\" data-tracking-category=\"recirculation\" target=\"_blank\" rel=\"noopener\">corruption au sein du gouvernement<\/a>.<\/p>\n<p>L\u2019Ukraine\u00a0assure frapper uniquement des \u00ab\u00a0cibles militaires\u00a0\u00bb<\/p>\n<p>Kiev frappe uniquement des \u00ab\u00a0cibles militaires\u00a0\u00bb russes, a d\u00e9clar\u00e9 un porte-parole de l\u2019arm\u00e9e ukrainienne apr\u00e8s que Moscou a accus\u00e9 Kiev d\u2019avoir tu\u00e9 27 civils lors d\u2019une frappe de <a href=\"https:\/\/www.la-croix.com\/international\/on-recouvre-dix-kilometres-par-jour-en-ukraine-la-vie-sous-les-filets-antidrones-20251228\" data-tracking=\"inpage_click\" data-tracking-action=\"lire un article\" data-tracking-category=\"recirculation\" target=\"_blank\" rel=\"noopener\">drones<\/a> sur un caf\u00e9 et un h\u00f4tel dans une zone occup\u00e9e du sud de l\u2019Ukraine.<\/p>\n<p>\u00ab\u00a0Les Forces de d\u00e9fense de l\u2019Ukraine\u00a0respectent les normes du droit international humanitaire et frappent exclusivement des cibles militaires ennemies\u00a0\u00bb, a d\u00e9clar\u00e9 le porte-parole de l\u2019\u00e9tat-major, Dmytro Lykhoviy. Selon un nouveau bilan vendredi des autorit\u00e9s russes, 27 personnes parmi lesquelles deux enfants ont \u00e9t\u00e9 tu\u00e9es.<\/p>\n","protected":false},"excerpt":{"rendered":"L\u2019avanc\u00e9e russe la plus importante en 2025 Les forces russes ont r\u00e9alis\u00e9 en Ukraine leur plus forte progression&hellip;\n","protected":false},"author":2,"featured_media":636514,"comment_status":"","ping_status":"","sticky":false,"template":"","format":"standard","meta":{"footnotes":""},"categories":[1590],"tags":[11,1777,674,12,220],"class_list":{"0":"post-636513","1":"post","2":"type-post","3":"status-publish","4":"format-standard","5":"has-post-thumbnail","7":"category-ukraine","8":"tag-actualites","9":"tag-eu","10":"tag-europe","11":"tag-news","12":"tag-ukraine"},"share_on_mastodon":{"url":"https:\/\/pubeurope.com\/@fr\/115826413044800667","error":""},"_links":{"self":[{"href":"https:\/\/www.europesays.com\/fr\/wp-json\/wp\/v2\/posts\/636513","targetHints":{"allow":["GET"]}}],"collection":[{"href":"https:\/\/www.europesays.com\/fr\/wp-json\/wp\/v2\/posts"}],"about":[{"href":"https:\/\/www.europesays.com\/fr\/wp-json\/wp\/v2\/types\/post"}],"author":[{"embeddable":true,"href":"https:\/\/www.europesays.com\/fr\/wp-json\/wp\/v2\/users\/2"}],"replies":[{"embeddable":true,"href":"https:\/\/www.europesays.com\/fr\/wp-json\/wp\/v2\/comments?post=636513"}],"version-history":[{"count":0,"href":"https:\/\/www.europesays.com\/fr\/wp-json\/wp\/v2\/posts\/636513\/revisions"}],"wp:featuredmedia":[{"embeddable":true,"href":"https:\/\/www.europesays.com\/fr\/wp-json\/wp\/v2\/media\/636514"}],"wp:attachment":[{"href":"https:\/\/www.europesays.com\/fr\/wp-json\/wp\/v2\/media?parent=636513"}],"wp:term":[{"taxonomy":"category","embeddable":true,"href":"https:\/\/www.europesays.com\/fr\/wp-json\/wp\/v2\/categories?post=636513"},{"taxonomy":"post_tag","embeddable":true,"href":"https:\/\/www.europesays.com\/fr\/wp-json\/wp\/v2\/tags?post=636513"}],"curies":[{"name":"wp","href":"https:\/\/api.w.org\/{rel}","templated":true}]}}