{"id":636517,"date":"2026-01-02T16:20:15","date_gmt":"2026-01-02T16:20:15","guid":{"rendered":"https:\/\/www.europesays.com\/fr\/636517\/"},"modified":"2026-01-02T16:20:15","modified_gmt":"2026-01-02T16:20:15","slug":"le-royaume-uni-a-connu-lannee-la-plus-chaude-de-son-histoire","status":"publish","type":"post","link":"https:\/\/www.europesays.com\/fr\/636517\/","title":{"rendered":"le Royaume-Uni a connu l&rsquo;ann\u00e9e la plus chaude de son histoire"},"content":{"rendered":"<p>L\u2019ann\u00e9e 2025 a \u00e9t\u00e9 la plus chaude et la plus ensoleill\u00e9e jamais enregistr\u00e9e au Royaume-Uni, a annonc\u00e9 vendredi l\u2019agence nationale de m\u00e9t\u00e9orologie Met Office.<\/p>\n<p>Avec une temp\u00e9rature moyenne de 10,09\u00b0C, 2025 a battu le pr\u00e9c\u00e9dent record \u00e9tabli en 2022. L\u2019agence m\u00e9t\u00e9orologique a en outre confirm\u00e9 que l\u2019ann\u00e9e 2025 avait \u00e9t\u00e9 la plus ensoleill\u00e9e au Royaume-Uni depuis le d\u00e9but des relev\u00e9s en 1910, avec pr\u00e8s de 1\u202f648,5 heures d\u2019ensoleillement enregistr\u00e9es, soit 61,4 heures de plus que lors du pr\u00e9c\u00e9dent record en 2003.<\/p>\n<p>Une cons\u00e9quence des effets du changement climatique&#13;\n<\/p>\n<p>2025 a rejoint 2022 et 2023 dans le trio des ann\u00e9es les plus chaudes enregistr\u00e9es dans le pays depuis le d\u00e9but des mesures en 1884, a indiqu\u00e9 le Met Office dans un communiqu\u00e9. \u00ab\u202fQuatre des cinq derni\u00e8res ann\u00e9es figurent d\u00e9sormais parmi les cinq ann\u00e9es les plus chaudes\u202f\u00bb enregistr\u00e9es dans le pays.<\/p>\n<p>\u00ab\u202fCela d\u00e9montre de mani\u00e8re de plus en plus \u00e9vidente les effets du changement climatique sur les temp\u00e9ratures au Royaume-Uni\u202f\u00bb, a d\u00e9clar\u00e9 l\u2019agence.<\/p>\n<p>&#13;<\/p>\n<p>Les dix ann\u00e9es les plus chaudes ont toutes \u00e9t\u00e9 enregistr\u00e9es durant les deux derni\u00e8res d\u00e9cennies.<\/p>\n<p>La France a connu 279 jours de temp\u00e9ratures record&#13;\n<\/p>\n<p>En 2025, 279 jours ont \u00e9t\u00e9 plus chauds en France que par le pass\u00e9 (entre 1971 et 2000), soit 76 % de l&rsquo;ann\u00e9e.<\/p>\n<p>Au cours de l&rsquo;ann\u00e9e, les pics se sont multipli\u00e9s, en mai, juin, ao\u00fbt, novembre et encore d\u00e9but d\u00e9cembre, avec \u00ab\u2009des niveaux in\u00e9dits\u00a0pour la p\u00e9riode sur de nombreuses r\u00e9gions\u2009\u00bb, note M\u00e9t\u00e9o-France dans son bilan climatique de l&rsquo;ann\u00e9e (Nouvelle fen\u00eatre).<\/p>\n<p>L&rsquo;institut cite 42,5\u00b0C \u00e0 Angoul\u00eame (Charente) le 11 ao\u00fbt, neuf jours de fortes chaleurs en juin \u00e0 Toulouse (Haute-Garonne), Carcassonne (Aude) ou N\u00eemes (Gard), 11 jours \u00e0 Avignon (Vaucluse), 25,4\u00b0C le 19 septembre \u00e0 Val-d&rsquo;Is\u00e8re (Savoie), ou encore 30,4\u00b0C au plus frais de la nuit \u00e0 Caixas (Pyr\u00e9n\u00e9es-Orientales) le 16 ao\u00fbt, \u00ab\u2009deuxi\u00e8me valeur la plus \u00e9lev\u00e9e jamais enregistr\u00e9e \u00e0 l&rsquo;\u00e9chelle nationale\u2009\u00bb.<\/p>\n","protected":false},"excerpt":{"rendered":"L\u2019ann\u00e9e 2025 a \u00e9t\u00e9 la plus chaude et la plus ensoleill\u00e9e jamais enregistr\u00e9e au Royaume-Uni, a annonc\u00e9 vendredi&hellip;\n","protected":false},"author":2,"featured_media":636518,"comment_status":"","ping_status":"","sticky":false,"template":"","format":"standard","meta":{"footnotes":""},"categories":[1588],"tags":[5734,11,6560,27703,1129,18877,19697,52051,1777,674,937,20644,151,12,473,1853,1851,1850,1852],"class_list":{"0":"post-636517","1":"post","2":"type-post","3":"status-publish","4":"format-standard","5":"has-post-thumbnail","7":"category-royaume-uni","8":"tag-5734","9":"tag-actualites","10":"tag-changement","11":"tag-chaude","12":"tag-climat","13":"tag-climatique","14":"tag-connu","15":"tag-effets","16":"tag-eu","17":"tag-europe","18":"tag-histoire","19":"tag-lannee","20":"tag-les","21":"tag-news","22":"tag-royaume-uni","23":"tag-royaume-uni-de-grande-bretagne-et-dirlande-du-nord","24":"tag-uk","25":"tag-united-kingdom","26":"tag-united-kingdom-of-great-britain-and-northern-ireland"},"share_on_mastodon":{"url":"https:\/\/pubeurope.com\/@fr\/115826420840175908","error":""},"_links":{"self":[{"href":"https:\/\/www.europesays.com\/fr\/wp-json\/wp\/v2\/posts\/636517","targetHints":{"allow":["GET"]}}],"collection":[{"href":"https:\/\/www.europesays.com\/fr\/wp-json\/wp\/v2\/posts"}],"about":[{"href":"https:\/\/www.europesays.com\/fr\/wp-json\/wp\/v2\/types\/post"}],"author":[{"embeddable":true,"href":"https:\/\/www.europesays.com\/fr\/wp-json\/wp\/v2\/users\/2"}],"replies":[{"embeddable":true,"href":"https:\/\/www.europesays.com\/fr\/wp-json\/wp\/v2\/comments?post=636517"}],"version-history":[{"count":0,"href":"https:\/\/www.europesays.com\/fr\/wp-json\/wp\/v2\/posts\/636517\/revisions"}],"wp:featuredmedia":[{"embeddable":true,"href":"https:\/\/www.europesays.com\/fr\/wp-json\/wp\/v2\/media\/636518"}],"wp:attachment":[{"href":"https:\/\/www.europesays.com\/fr\/wp-json\/wp\/v2\/media?parent=636517"}],"wp:term":[{"taxonomy":"category","embeddable":true,"href":"https:\/\/www.europesays.com\/fr\/wp-json\/wp\/v2\/categories?post=636517"},{"taxonomy":"post_tag","embeddable":true,"href":"https:\/\/www.europesays.com\/fr\/wp-json\/wp\/v2\/tags?post=636517"}],"curies":[{"name":"wp","href":"https:\/\/api.w.org\/{rel}","templated":true}]}}