{"id":636519,"date":"2026-01-02T16:21:13","date_gmt":"2026-01-02T16:21:13","guid":{"rendered":"https:\/\/www.europesays.com\/fr\/636519\/"},"modified":"2026-01-02T16:21:13","modified_gmt":"2026-01-02T16:21:13","slug":"la-population-en-emploi-quasi-stable-en-allemagne-en-2025-02-01-2026-a-1345","status":"publish","type":"post","link":"https:\/\/www.europesays.com\/fr\/636519\/","title":{"rendered":"La population en emploi quasi-stable en Allemagne en 2025 &#8211; 02\/01\/2026 \u00e0 13:45"},"content":{"rendered":"<p>                                                                Selon une premi\u00e8re estimation de l&rsquo;Office f\u00e9d\u00e9ral de statistique (Destatis), le nombre de personnes en emploi en Allemagne a l\u00e9g\u00e8rement recul\u00e9 de 5000 en 2025, pour s&rsquo;\u00e9tablir \u00e0 environ 46 millions de personnes en moyenne annuelle, apr\u00e8s avoir atteint l&rsquo;ann\u00e9e pr\u00e9c\u00e9dente un record depuis la r\u00e9unification du pays en 1990.<\/p>\n<p>\u00ab\u00a0A l&rsquo;exception de l&rsquo;ann\u00e9e pand\u00e9mique 2020, le nombre de personnes employ\u00e9es a augment\u00e9 r\u00e9guli\u00e8rement depuis 2006. Cependant, le rythme de la croissance de l&#8217;emploi a consid\u00e9rablement ralenti \u00e0 partir du d\u00e9but de 2024\u00a0\u00bb pr\u00e9cise Destatis.\n<\/p>\n<p>L&rsquo;institut explique cette tendance n\u00e9gative par le ralentissement du march\u00e9 du travail et, comme les ann\u00e9es pr\u00e9c\u00e9dentes, par les effets de plus en plus marqu\u00e9s du changement d\u00e9mographique : de moins en moins de jeunes sont disponibles pour remplacer les travailleurs prenant leur retraite.\n<\/p>\n<p>N\u00e9anmoins, le march\u00e9 du travail a continu\u00e9 de b\u00e9n\u00e9ficier de l&rsquo;immigration nette des travailleurs \u00e9trangers et de l&rsquo;augmentation de la participation \u00e0 la population nationale, en partie due \u00e0 des taux de participation plus \u00e9lev\u00e9s des personnes \u00e2g\u00e9es et des femmes.\n<\/p>\n<p>Les estimations provisoires indiquent par ailleurs que le nombre de ch\u00f4meurs en Allemagne a grimp\u00e9 de 161 000 ( 10,8%) pour atteindre 1,7 million en moyenne sur l&rsquo;ann\u00e9e \u00e9coul\u00e9e. Le taux de ch\u00f4mage, en pourcentage de la population active, est pass\u00e9 de 3,1% l&rsquo;ann\u00e9e pr\u00e9c\u00e9dente \u00e0 3,5% en 2025.<\/p>\n","protected":false},"excerpt":{"rendered":"Selon une premi\u00e8re estimation de l&rsquo;Office f\u00e9d\u00e9ral de statistique (Destatis), le nombre de personnes en emploi en Allemagne&hellip;\n","protected":false},"author":2,"featured_media":2554,"comment_status":"","ping_status":"","sticky":false,"template":"","format":"standard","meta":{"footnotes":""},"categories":[1587],"tags":[400,11,672,398,408,1804,405,1805,1803,1777,674,1801,403,402,399,404,12,1802,401,406,407],"class_list":{"0":"post-636519","1":"post","2":"type-post","3":"status-publish","4":"format-standard","5":"has-post-thumbnail","7":"category-allemagne","8":"tag-action-cac-40","9":"tag-actualites","10":"tag-allemagne","11":"tag-bourse-de-paris","12":"tag-boursorama","13":"tag-bundesrepublik-deutschland","14":"tag-cotations","15":"tag-de","16":"tag-deutschland","17":"tag-eu","18":"tag-europe","19":"tag-germany","20":"tag-indices-devises","21":"tag-investir","22":"tag-investissement","23":"tag-marche-boursier","24":"tag-news","25":"tag-republique-federale-dallemagne","26":"tag-sicav","27":"tag-trackers","28":"tag-warrants"},"share_on_mastodon":{"url":"https:\/\/pubeurope.com\/@fr\/115826425182613577","error":""},"_links":{"self":[{"href":"https:\/\/www.europesays.com\/fr\/wp-json\/wp\/v2\/posts\/636519","targetHints":{"allow":["GET"]}}],"collection":[{"href":"https:\/\/www.europesays.com\/fr\/wp-json\/wp\/v2\/posts"}],"about":[{"href":"https:\/\/www.europesays.com\/fr\/wp-json\/wp\/v2\/types\/post"}],"author":[{"embeddable":true,"href":"https:\/\/www.europesays.com\/fr\/wp-json\/wp\/v2\/users\/2"}],"replies":[{"embeddable":true,"href":"https:\/\/www.europesays.com\/fr\/wp-json\/wp\/v2\/comments?post=636519"}],"version-history":[{"count":0,"href":"https:\/\/www.europesays.com\/fr\/wp-json\/wp\/v2\/posts\/636519\/revisions"}],"wp:featuredmedia":[{"embeddable":true,"href":"https:\/\/www.europesays.com\/fr\/wp-json\/wp\/v2\/media\/2554"}],"wp:attachment":[{"href":"https:\/\/www.europesays.com\/fr\/wp-json\/wp\/v2\/media?parent=636519"}],"wp:term":[{"taxonomy":"category","embeddable":true,"href":"https:\/\/www.europesays.com\/fr\/wp-json\/wp\/v2\/categories?post=636519"},{"taxonomy":"post_tag","embeddable":true,"href":"https:\/\/www.europesays.com\/fr\/wp-json\/wp\/v2\/tags?post=636519"}],"curies":[{"name":"wp","href":"https:\/\/api.w.org\/{rel}","templated":true}]}}