{"id":63653,"date":"2025-04-30T06:04:11","date_gmt":"2025-04-30T06:04:11","guid":{"rendered":"https:\/\/www.europesays.com\/fr\/63653\/"},"modified":"2025-04-30T06:04:11","modified_gmt":"2025-04-30T06:04:11","slug":"a-paris-les-commerces-de-gros-ont-quasi-disparu-en-vingt-ans-laissant-parfois-du-vide","status":"publish","type":"post","link":"https:\/\/www.europesays.com\/fr\/63653\/","title":{"rendered":"\u00c0 Paris, les commerces de gros ont quasi disparu en vingt ans\u2026 laissant parfois du vide"},"content":{"rendered":"<p class=\"paragraph text_align_left\">Des rideaux de fer baiss\u00e9s. Rue d\u2019Aboukir (<a href=\"https:\/\/www.leparisien.fr\/paris-75\/paris-75002\/\" target=\"_blank\" rel=\"noreferrer nofollow noopener\">IIe<\/a>), dans le Sentier, les panneaux \u00ab \u00e0 louer \u00bb s\u2019intercalent entre les magasins de v\u00eatements. D\u2019apr\u00e8s les chiffres de l\u2019Atelier parisien d\u2019urbanisme (Apur), 18 % des commerces de rez-de-chauss\u00e9e de la capitale \u00e9taient vides dans cette rue en 2023, contre \u00e0 peine 4 % vingt ans plus t\u00f4t.<\/p>\n<p class=\"paragraph text_align_left\">Un taux de vacance qui d\u00e9passe d\u00e9sormais la moyenne parisienne \u00e9tablie autour de 11 %. Comment expliquer ces vitrines d\u00e9laiss\u00e9es en plein c\u0153ur de la capitale ? L\u2019Apur vient de publier une \u00e9tude qui donne des cl\u00e9s d\u2019explications. Un pourcentage permet de planter le d\u00e9cor : entre 2003 et 2023, 77 % des commerces de gros \u2015 \u00e0 savoir des grossistes qui vendent uniquement \u00e0 des professionnels et en grande quantit\u00e9 \u2015 ont disparu de la capitale.<\/p>\n","protected":false},"excerpt":{"rendered":"Des rideaux de fer baiss\u00e9s. Rue d\u2019Aboukir (IIe), dans le Sentier, les panneaux \u00ab \u00e0 louer \u00bb s\u2019intercalent&hellip;\n","protected":false},"author":2,"featured_media":63654,"comment_status":"","ping_status":"","sticky":false,"template":"","format":"standard","meta":{"footnotes":""},"categories":[1888],"tags":[11,33,1777,674,1011,27,1944,12,626,25],"class_list":{"0":"post-63653","1":"post","2":"type-post","3":"status-publish","4":"format-standard","5":"has-post-thumbnail","7":"category-paris","8":"tag-actualites","9":"tag-economie","10":"tag-eu","11":"tag-europe","12":"tag-fr","13":"tag-france","14":"tag-ma-ville","15":"tag-news","16":"tag-paris","17":"tag-republique-francaise"},"share_on_mastodon":{"url":"https:\/\/pubeurope.com\/@fr\/114425408402824212","error":""},"_links":{"self":[{"href":"https:\/\/www.europesays.com\/fr\/wp-json\/wp\/v2\/posts\/63653","targetHints":{"allow":["GET"]}}],"collection":[{"href":"https:\/\/www.europesays.com\/fr\/wp-json\/wp\/v2\/posts"}],"about":[{"href":"https:\/\/www.europesays.com\/fr\/wp-json\/wp\/v2\/types\/post"}],"author":[{"embeddable":true,"href":"https:\/\/www.europesays.com\/fr\/wp-json\/wp\/v2\/users\/2"}],"replies":[{"embeddable":true,"href":"https:\/\/www.europesays.com\/fr\/wp-json\/wp\/v2\/comments?post=63653"}],"version-history":[{"count":0,"href":"https:\/\/www.europesays.com\/fr\/wp-json\/wp\/v2\/posts\/63653\/revisions"}],"wp:featuredmedia":[{"embeddable":true,"href":"https:\/\/www.europesays.com\/fr\/wp-json\/wp\/v2\/media\/63654"}],"wp:attachment":[{"href":"https:\/\/www.europesays.com\/fr\/wp-json\/wp\/v2\/media?parent=63653"}],"wp:term":[{"taxonomy":"category","embeddable":true,"href":"https:\/\/www.europesays.com\/fr\/wp-json\/wp\/v2\/categories?post=63653"},{"taxonomy":"post_tag","embeddable":true,"href":"https:\/\/www.europesays.com\/fr\/wp-json\/wp\/v2\/tags?post=63653"}],"curies":[{"name":"wp","href":"https:\/\/api.w.org\/{rel}","templated":true}]}}