{"id":636532,"date":"2026-01-02T16:30:14","date_gmt":"2026-01-02T16:30:14","guid":{"rendered":"https:\/\/www.europesays.com\/fr\/636532\/"},"modified":"2026-01-02T16:30:14","modified_gmt":"2026-01-02T16:30:14","slug":"lobjectif-cetait-le-top-100-jy-suis-presque-mais-je-suis-un-peu-decue","status":"publish","type":"post","link":"https:\/\/www.europesays.com\/fr\/636532\/","title":{"rendered":"\u00ab\u00a0L&rsquo;objectif, c&rsquo;\u00e9tait le top 100, j&rsquo;y suis presque, mais je suis un peu d\u00e9\u00e7ue\u00a0\u00bb"},"content":{"rendered":"\n<p>\n            Tennis,\n        <\/p>\n<p>\n            Un entra\u00eenement avec&#8230; (3\/3)\n        <\/p>\n<p> abonn\u00e9<\/p>\n<p>Sarah Rakotomanga, l&rsquo;ambitieuse contrari\u00e9e\u00a0: \u00ab\u00a0L&rsquo;objectif, c&rsquo;\u00e9tait le top 100, j&rsquo;y suis presque, mais je suis un peu d\u00e9\u00e7ue\u00a0\u00bb<\/p>\n<p>Gr\u00e2ce \u00e0 une fulgurante progression au classement et \u00e0 un premier titre sur le circuit WTA d\u00e9croch\u00e9 en septembre, Sarah Rakotomanga est aux portes du top 100. Mais la jeune femme ne s&rsquo;en contente pas et voit bien plus loin.<\/p>\n","protected":false},"excerpt":{"rendered":"Tennis, Un entra\u00eenement avec&#8230; (3\/3) abonn\u00e9 Sarah Rakotomanga, l&rsquo;ambitieuse contrari\u00e9e\u00a0: \u00ab\u00a0L&rsquo;objectif, c&rsquo;\u00e9tait le top 100, j&rsquo;y suis presque,&hellip;\n","protected":false},"author":2,"featured_media":636533,"comment_status":"","ping_status":"","sticky":false,"template":"","format":"standard","meta":{"footnotes":""},"categories":[1415],"tags":[1011,27,60,1467],"class_list":{"0":"post-636532","1":"post","2":"type-post","3":"status-publish","4":"format-standard","5":"has-post-thumbnail","7":"category-tennis","8":"tag-fr","9":"tag-france","10":"tag-sports","11":"tag-tennis"},"share_on_mastodon":{"url":"https:\/\/pubeurope.com\/@fr\/115826460099461651","error":""},"_links":{"self":[{"href":"https:\/\/www.europesays.com\/fr\/wp-json\/wp\/v2\/posts\/636532","targetHints":{"allow":["GET"]}}],"collection":[{"href":"https:\/\/www.europesays.com\/fr\/wp-json\/wp\/v2\/posts"}],"about":[{"href":"https:\/\/www.europesays.com\/fr\/wp-json\/wp\/v2\/types\/post"}],"author":[{"embeddable":true,"href":"https:\/\/www.europesays.com\/fr\/wp-json\/wp\/v2\/users\/2"}],"replies":[{"embeddable":true,"href":"https:\/\/www.europesays.com\/fr\/wp-json\/wp\/v2\/comments?post=636532"}],"version-history":[{"count":0,"href":"https:\/\/www.europesays.com\/fr\/wp-json\/wp\/v2\/posts\/636532\/revisions"}],"wp:featuredmedia":[{"embeddable":true,"href":"https:\/\/www.europesays.com\/fr\/wp-json\/wp\/v2\/media\/636533"}],"wp:attachment":[{"href":"https:\/\/www.europesays.com\/fr\/wp-json\/wp\/v2\/media?parent=636532"}],"wp:term":[{"taxonomy":"category","embeddable":true,"href":"https:\/\/www.europesays.com\/fr\/wp-json\/wp\/v2\/categories?post=636532"},{"taxonomy":"post_tag","embeddable":true,"href":"https:\/\/www.europesays.com\/fr\/wp-json\/wp\/v2\/tags?post=636532"}],"curies":[{"name":"wp","href":"https:\/\/api.w.org\/{rel}","templated":true}]}}