{"id":636538,"date":"2026-01-02T16:36:10","date_gmt":"2026-01-02T16:36:10","guid":{"rendered":"https:\/\/www.europesays.com\/fr\/636538\/"},"modified":"2026-01-02T16:36:10","modified_gmt":"2026-01-02T16:36:10","slug":"harry-et-meghan-cette-declaration-qui-en-dit-long-sur-leurs-enfants-archie-et-lilibet","status":"publish","type":"post","link":"https:\/\/www.europesays.com\/fr\/636538\/","title":{"rendered":"Harry et Meghan : cette d\u00e9claration qui en dit long sur leurs enfants Archie et Lilibet"},"content":{"rendered":"<p data-start=\"0\" data-end=\"493\" data-is-last-node=\"\" data-is-only-node=\"\">Tr\u00e8s discrets sur leur vie familiale,<br \/>\n<strong><a href=\"https:\/\/www.closermag.fr\/royautes\/meghan-markle-son-pere-ampute-de-la-jambe-donne-enfin-de-ses-nouvelles-me-tenir-debout-3609648\" target=\"_blank\" rel=\"noopener\"><br \/>\nMeghan Markle<\/a> et le prince Harry<\/strong> ont toujours affirm\u00e9<br \/>\nvouloir offrir \u00e0 Archie et Lilibet une enfance la plus normale<br \/>\npossible, loin de la pression m\u00e9diatique et des codes stricts de la<br \/>\nmonarchie britannique.<\/p>\n<p data-start=\"0\" data-end=\"493\" data-is-last-node=\"\" data-is-only-node=\"\">Protection de la vie priv\u00e9e, libert\u00e9 de choix<br \/>\net vigilance face au <strong>monde num\u00e9rique<\/strong> : le couple<br \/>\ntrace sa propre ligne en mati\u00e8re d\u2019\u00e9ducation, tout en laissant<br \/>\nparfois filtrer de rares indices sur la mani\u00e8re dont il envisage<br \/>\nl\u2019avenir de ses enfants.<\/p>\n<p>Harry et Meghan \u00e9voquent Archie<br \/>\net Lilibet<\/p>\n<p data-start=\"139\" data-end=\"963\">\u00c0 l\u2019approche de No\u00ebl, le duc et<br \/>\nla duchesse de Sussex ont annonc\u00e9 un changement majeur concernant<br \/>\nleur organisation caritative : l\u2019Archewell Foundation devient<br \/>\n<strong>Archewell Philanthropies<\/strong>. Dans un communiqu\u00e9<br \/>\nofficiel, le couple a pr\u00e9cis\u00e9 : \u00ab\u00a0Cette structure caritative<br \/>\npermet au couple et \u00e0 leurs enfants d\u2019\u00e9tendre leurs actions<br \/>\nphilanthropiques \u00e0 l\u2019\u00e9chelle mondiale en tant que<br \/>\nfamille\u00a0\u00bb.<\/p>\n<p data-start=\"139\" data-end=\"963\">Si beaucoup ont focalis\u00e9 leur<br \/>\nattention sur le changement de nom, peu ont remarqu\u00e9 la mention de<br \/>\nleurs enfants, <a href=\"https:\/\/www.closermag.fr\/royautes\/meghan-markle-la-duchesse-a-parle-on-sait-enfin-pourquoi-archie-sappelle-archie-3595920\" target=\"_blank\" rel=\"noopener\"><br \/>\nArchie<\/a>, 6 ans, et Lilibet, 4 ans, pour la premi\u00e8re fois cit\u00e9s<br \/>\nde mani\u00e8re officielle par leurs parents. L\u2019expert royal Richard<br \/>\nEden sugg\u00e8re que cette inclusion pourrait indiquer que les Sussex<br \/>\npr\u00e9voient <strong>d\u2019impliquer leurs enfants dans leurs projets<br \/>\nphilanthropiques<\/strong> \u00e0 l\u2019avenir, bien que le message reste<br \/>\nflou et non confirm\u00e9.<\/p>\n<p>Une<br \/>\nprotection face \u00e0 l\u2019avenir num\u00e9rique<\/p>\n<p data-start=\"1022\" data-end=\"2030\">Cette d\u00e9claration intervient<br \/>\npeu apr\u00e8s que les enfants sont apparus sur la traditionnelle carte<br \/>\nde v\u0153ux de No\u00ebl de la famille, dans une photo o\u00f9 Archie embrasse<br \/>\nson p\u00e8re et Meghan tient la main de <a href=\"https:\/\/www.closermag.fr\/royautes\/meghan-markle-publie-une-photo-inedite-de-ses-enfants-et-il-y-a-une-grosse-difference-physique-entre-archie-et-lilibet-3581944\" target=\"_blank\" rel=\"noopener\"><br \/>\nLilibet<\/a>. Le couple a \u00e9galement partag\u00e9 une vid\u00e9o de fin d\u2019ann\u00e9e<br \/>\nmettant en avant leurs actions caritatives, dans laquelle les<br \/>\nenfants aident \u00e0 pr\u00e9parer des biscuits pour une association locale.<br \/>\nDepuis son retour sur Instagram en 2025, Meghan partage<br \/>\nr\u00e9guli\u00e8rement des images de ses enfants, tout en pr\u00e9servant leur<br \/>\nanonymat gr\u00e2ce \u00e0 des angles ou des emojis.<\/p>\n<p data-start=\"1022\" data-end=\"2030\">En octobre, lors d\u2019un panel<br \/>\npour la Journ\u00e9e mondiale de la sant\u00e9 mentale \u00e0 New York, Meghan a<br \/>\nconfi\u00e9 ses inqui\u00e9tudes : \u00ab\u00a0Nos enfants, Archie et Lili, ont<br \/>\nseulement six et quatre ans. Heureusement, ils sont encore trop<br \/>\njeunes pour les r\u00e9seaux sociaux, mais nous savons que ce jour<br \/>\nviendra. <strong>Comme beaucoup de parents, nous r\u00e9fl\u00e9chissons<br \/>\nconstamment \u00e0 la mani\u00e8re d\u2019utiliser les avantages de la technologie<br \/>\ntout en prot\u00e9geant nos enfants de ses dangers<\/strong>\u00ab\u00a0.<\/p>\n","protected":false},"excerpt":{"rendered":"Tr\u00e8s discrets sur leur vie familiale, Meghan Markle et le prince Harry ont toujours affirm\u00e9 vouloir offrir \u00e0&hellip;\n","protected":false},"author":2,"featured_media":636539,"comment_status":"","ping_status":"","sticky":false,"template":"","format":"standard","meta":{"footnotes":""},"categories":[1359],"tags":[21303,58,59,1011,27,23894,70426,973],"class_list":{"0":"post-636538","1":"post","2":"type-post","3":"status-publish","4":"format-standard","5":"has-post-thumbnail","7":"category-people","8":"tag-buzz_nonli","9":"tag-divertissement","10":"tag-entertainment","11":"tag-fr","12":"tag-france","13":"tag-le-prince-harry-et-meghan-markle","14":"tag-marfeel_news","15":"tag-people"},"share_on_mastodon":{"url":"https:\/\/pubeurope.com\/@fr\/115826483782311355","error":""},"_links":{"self":[{"href":"https:\/\/www.europesays.com\/fr\/wp-json\/wp\/v2\/posts\/636538","targetHints":{"allow":["GET"]}}],"collection":[{"href":"https:\/\/www.europesays.com\/fr\/wp-json\/wp\/v2\/posts"}],"about":[{"href":"https:\/\/www.europesays.com\/fr\/wp-json\/wp\/v2\/types\/post"}],"author":[{"embeddable":true,"href":"https:\/\/www.europesays.com\/fr\/wp-json\/wp\/v2\/users\/2"}],"replies":[{"embeddable":true,"href":"https:\/\/www.europesays.com\/fr\/wp-json\/wp\/v2\/comments?post=636538"}],"version-history":[{"count":0,"href":"https:\/\/www.europesays.com\/fr\/wp-json\/wp\/v2\/posts\/636538\/revisions"}],"wp:featuredmedia":[{"embeddable":true,"href":"https:\/\/www.europesays.com\/fr\/wp-json\/wp\/v2\/media\/636539"}],"wp:attachment":[{"href":"https:\/\/www.europesays.com\/fr\/wp-json\/wp\/v2\/media?parent=636538"}],"wp:term":[{"taxonomy":"category","embeddable":true,"href":"https:\/\/www.europesays.com\/fr\/wp-json\/wp\/v2\/categories?post=636538"},{"taxonomy":"post_tag","embeddable":true,"href":"https:\/\/www.europesays.com\/fr\/wp-json\/wp\/v2\/tags?post=636538"}],"curies":[{"name":"wp","href":"https:\/\/api.w.org\/{rel}","templated":true}]}}