{"id":636542,"date":"2026-01-02T16:39:10","date_gmt":"2026-01-02T16:39:10","guid":{"rendered":"https:\/\/www.europesays.com\/fr\/636542\/"},"modified":"2026-01-02T16:39:10","modified_gmt":"2026-01-02T16:39:10","slug":"le-dernier-bilan-fait-etat-de-40-personnes-tuees-et-119-blessees-des-bougies-et-des-feux-de-bengale-au-coeur-de-lenquete-2","status":"publish","type":"post","link":"https:\/\/www.europesays.com\/fr\/636542\/","title":{"rendered":"le dernier bilan fait \u00e9tat de 40 personnes tu\u00e9es et 119 bless\u00e9es\u00a0; des \u00ab\u00a0bougies et des feux de Bengale\u00a0\u00bb au c\u0153ur de l\u2019enqu\u00eate"},"content":{"rendered":"<p>   Des m\u00e9decins militaires fran\u00e7ais ont \u00e9t\u00e9 envoy\u00e9s en Suisse pour aider \u00e0 l\u2019\u00e9valuation de l\u2019\u00e9tat des bless\u00e9s             <\/p>\n<p class=\"post__live-container--answer-text post__space-node\">Une \u00e9quipe de m\u00e9decins militaires fran\u00e7ais a \u00e9t\u00e9 d\u00e9p\u00each\u00e9e en Suisse pour une \u00ab\u00a0mission d\u2019\u00e9valuation des bless\u00e9s br\u00fbl\u00e9s en vue de leur \u00e9vacuation\u00a0\u00bb a affirm\u00e9 vendredi le minist\u00e8re des arm\u00e9es fran\u00e7ais \u00e0 l\u2019Agence France-Presse (AFP).<\/p>\n<p class=\"post__live-container--answer-text post__space-node\">Cette \u00e9quipe, compos\u00e9e d\u2019un chirurgien plasticien, d\u2019un anesth\u00e9siste, d\u2019une infirmi\u00e8re sp\u00e9cialis\u00e9e ainsi que d\u2019un m\u00e9decin des pompiers, doit arriver sur place vendredi en d\u00e9but d\u2019apr\u00e8s-midi, selon cette source.<\/p>\n<p class=\"post__live-container--answer-text post__space-node\">\u00ab\u00a0Elle restera plusieurs jours pour soutenir le travail des autorit\u00e9s sanitaires suisses\u00a0\u00bb et participera \u00e0 l\u2019\u00e9valuation des personnes br\u00fbl\u00e9es \u00ab\u00a0en vue de leur \u00e9vacuation dans les structures comp\u00e9tentes selon l\u2019\u00e9tat des l\u00e9sions\u00a0\u00bb.<\/p>\n<p class=\"post__live-container--answer-text post__space-node\">En France, les services des grands br\u00fbl\u00e9s du service de sant\u00e9 des arm\u00e9es ont \u00e9t\u00e9 mis en alerte, notamment dans les h\u00f4pitaux militaires de Percy \u00e0 Clamart, pr\u00e8s de Paris, et de Sainte-Anne \u00e0 Toulon \u00ab\u00a0en coop\u00e9ration \u00e9troite avec le minist\u00e8re de la sant\u00e9 pour la r\u00e9partition appropri\u00e9e sur le court et moyen terme des patients br\u00fbl\u00e9s de Suisse\u00a0\u00bb, a ajout\u00e9 le minist\u00e8re.<\/p>\n<p class=\"post__live-container--answer-text post__space-node\">Trois personnes bless\u00e9es dans l\u2019incendie de Crans-Montana \u2013 deux Fran\u00e7ais et un Suisse \u2013 \u00e9taient hospitalis\u00e9es vendredi matin \u00e0 Lyon et \u00e0 Paris. Les autorit\u00e9s suisses ont demand\u00e9 \u00e0 la France d\u2019accueillir huit patients suppl\u00e9mentaires, selon le porte-parole de la diplomatie fran\u00e7aise, Pascal Confavreux.<\/p>\n","protected":false},"excerpt":{"rendered":"Des m\u00e9decins militaires fran\u00e7ais ont \u00e9t\u00e9 envoy\u00e9s en Suisse pour aider \u00e0 l\u2019\u00e9valuation de l\u2019\u00e9tat des bless\u00e9s Une&hellip;\n","protected":false},"author":2,"featured_media":636543,"comment_status":"","ping_status":"","sticky":false,"template":"","format":"standard","meta":{"footnotes":""},"categories":[1356],"tags":[58,59,1011,27,252,1364],"class_list":{"0":"post-636542","1":"post","2":"type-post","3":"status-publish","4":"format-standard","5":"has-post-thumbnail","7":"category-television","8":"tag-divertissement","9":"tag-entertainment","10":"tag-fr","11":"tag-france","12":"tag-television","13":"tag-tv"},"share_on_mastodon":{"url":"https:\/\/pubeurope.com\/@fr\/115826495584484083","error":""},"_links":{"self":[{"href":"https:\/\/www.europesays.com\/fr\/wp-json\/wp\/v2\/posts\/636542","targetHints":{"allow":["GET"]}}],"collection":[{"href":"https:\/\/www.europesays.com\/fr\/wp-json\/wp\/v2\/posts"}],"about":[{"href":"https:\/\/www.europesays.com\/fr\/wp-json\/wp\/v2\/types\/post"}],"author":[{"embeddable":true,"href":"https:\/\/www.europesays.com\/fr\/wp-json\/wp\/v2\/users\/2"}],"replies":[{"embeddable":true,"href":"https:\/\/www.europesays.com\/fr\/wp-json\/wp\/v2\/comments?post=636542"}],"version-history":[{"count":0,"href":"https:\/\/www.europesays.com\/fr\/wp-json\/wp\/v2\/posts\/636542\/revisions"}],"wp:featuredmedia":[{"embeddable":true,"href":"https:\/\/www.europesays.com\/fr\/wp-json\/wp\/v2\/media\/636543"}],"wp:attachment":[{"href":"https:\/\/www.europesays.com\/fr\/wp-json\/wp\/v2\/media?parent=636542"}],"wp:term":[{"taxonomy":"category","embeddable":true,"href":"https:\/\/www.europesays.com\/fr\/wp-json\/wp\/v2\/categories?post=636542"},{"taxonomy":"post_tag","embeddable":true,"href":"https:\/\/www.europesays.com\/fr\/wp-json\/wp\/v2\/tags?post=636542"}],"curies":[{"name":"wp","href":"https:\/\/api.w.org\/{rel}","templated":true}]}}