{"id":636544,"date":"2026-01-02T16:40:10","date_gmt":"2026-01-02T16:40:10","guid":{"rendered":"https:\/\/www.europesays.com\/fr\/636544\/"},"modified":"2026-01-02T16:40:10","modified_gmt":"2026-01-02T16:40:10","slug":"celine-dion-envoie-un-message-de-bonne-annee-particulierement-emouvant","status":"publish","type":"post","link":"https:\/\/www.europesays.com\/fr\/636544\/","title":{"rendered":"C\u00e9line Dion envoie un message de bonne ann\u00e9e particuli\u00e8rement \u00e9mouvant"},"content":{"rendered":"<p>Les apparitions de <a href=\"https:\/\/www.20minutes.fr\/arts-stars\/people\/4193290-20251226-celine-dion-signe-meilleure-video-annee-parodiant-grinch\" target=\"_blank\" class=\"c-link c-link--is-underlined\" rel=\"noopener\">C\u00e9line Dion<\/a> sont toujours tr\u00e8s attendues, et pour certains, les mots de la star font office de parole d\u2019\u00e9vangile. Alors les fans ont \u00e9t\u00e9 combl\u00e9s quand la chanteuse de 57 ans s\u2019est exprim\u00e9 face cam\u00e9ra sur Instagram au moment de la bascule vers la nouvelle ann\u00e9e.<\/p>\n<p>\u00ab\u00a0Je veux prendre un moment pour vous envoyer tout mon amour\u00a0\u00bb, a-t-elle commenc\u00e9 en anglais, les sous-titres \u00e9tant en fran\u00e7ais, v\u00eatue d\u2019un costume couleur cr\u00e8me tr\u00e8s chic. \u00ab\u00a0Que cette ann\u00e9e vous apporte la sant\u00e9, le bonheur et la paix dans votre c\u0153ur\u00a0\u00bb, a ajout\u00e9 la chanteuse, <a href=\"https:\/\/www.20minutes.fr\/arts-stars\/people\/4143927-20250317-gardez-espoir-message-soutien-celine-dion-malades-syndrome-homme-raide\" target=\"_blank\" class=\"c-link c-link--is-underlined\" rel=\"noopener\">elle-m\u00eame souffrant<\/a> du syndrome de la personne raide.<\/p>\n<p>Plaisir et force<\/p>\n<p>\u00ab\u00a0J\u2019esp\u00e8re que vous trouverez du plaisir dans les petites choses, et de la force dans les moments difficiles, et de la joie dans les souvenirs que vous cr\u00e9ez avec ceux que vous aimez\u00a0\u00bb, poursuit l\u2019interpr\u00e8te de My Heart Will Go On.<\/p>\n<p>Avant d\u2019envoyer avec \u00e9motion un baiser en direction de la cam\u00e9ra, C\u00e9line Dion a conclu\u00a0: \u00ab\u00a0Merci de me garder dans vos c\u0153urs, vous \u00eates toujours dans le mien. De ma famille \u00e0 la v\u00f4tre, je vous souhaite une tr\u00e8s belle ann\u00e9e\u00a02026\u00a0\u00bb.<\/p>\n<p class=\"mb-m@xs text-l@xs\">En cliquant sur\u00ab J\u2019accepte \u00bb, vous acceptez le d\u00e9p\u00f4t de cookies par des services externes et aurez ainsi acc\u00e8s aux contenus de nos partenaires.<\/p>\n<p class=\"mb-xl@xs text-s@xs\">Plus d\u2019informations sur la page<a href=\"https:\/\/www.20minutes.fr\/gestion-cookies\" class=\"mx-xxs@xs color-ultramarine\" target=\"_blank\" rel=\"noopener\">Politique de gestion des cookies<\/a><\/p>\n<p>J\u2019accepte<\/p>\n<p>Voil\u00e0 de quoi d\u00e9marrer l\u2019ann\u00e9e du bon pied pour les fans de C\u00e9line, qui n\u2019ont pas manqu\u00e9 d\u2019envoyer en masse leurs v\u0153ux \u00e0 la star, tout en <a href=\"https:\/\/www.20minutes.fr\/arts-stars\/culture\/4115044-20241011-jo-paris-2024-prestation-celine-dion-tour-eiffel-hymne-playback\" target=\"_blank\" class=\"c-link c-link--is-underlined\" rel=\"noopener\">esp\u00e9rant secr\u00e8tement son retour<\/a> sur la sc\u00e8ne musicale.<\/p>\n","protected":false},"excerpt":{"rendered":"Les apparitions de C\u00e9line Dion sont toujours tr\u00e8s attendues, et pour certains, les mots de la star font&hellip;\n","protected":false},"author":2,"featured_media":636545,"comment_status":"","ping_status":"","sticky":false,"template":"","format":"standard","meta":{"footnotes":""},"categories":[1355],"tags":[7043,2704,58,59,1011,27,1361,873,973,133,74173],"class_list":{"0":"post-636544","1":"post","2":"type-post","3":"status-publish","4":"format-standard","5":"has-post-thumbnail","7":"category-musique","8":"tag-celine-dion","9":"tag-chanteuse","10":"tag-divertissement","11":"tag-entertainment","12":"tag-fr","13":"tag-france","14":"tag-music","15":"tag-musique","16":"tag-people","17":"tag-video","18":"tag-voeux"},"share_on_mastodon":{"url":"https:\/\/pubeurope.com\/@fr\/115826499509246483","error":""},"_links":{"self":[{"href":"https:\/\/www.europesays.com\/fr\/wp-json\/wp\/v2\/posts\/636544","targetHints":{"allow":["GET"]}}],"collection":[{"href":"https:\/\/www.europesays.com\/fr\/wp-json\/wp\/v2\/posts"}],"about":[{"href":"https:\/\/www.europesays.com\/fr\/wp-json\/wp\/v2\/types\/post"}],"author":[{"embeddable":true,"href":"https:\/\/www.europesays.com\/fr\/wp-json\/wp\/v2\/users\/2"}],"replies":[{"embeddable":true,"href":"https:\/\/www.europesays.com\/fr\/wp-json\/wp\/v2\/comments?post=636544"}],"version-history":[{"count":0,"href":"https:\/\/www.europesays.com\/fr\/wp-json\/wp\/v2\/posts\/636544\/revisions"}],"wp:featuredmedia":[{"embeddable":true,"href":"https:\/\/www.europesays.com\/fr\/wp-json\/wp\/v2\/media\/636545"}],"wp:attachment":[{"href":"https:\/\/www.europesays.com\/fr\/wp-json\/wp\/v2\/media?parent=636544"}],"wp:term":[{"taxonomy":"category","embeddable":true,"href":"https:\/\/www.europesays.com\/fr\/wp-json\/wp\/v2\/categories?post=636544"},{"taxonomy":"post_tag","embeddable":true,"href":"https:\/\/www.europesays.com\/fr\/wp-json\/wp\/v2\/tags?post=636544"}],"curies":[{"name":"wp","href":"https:\/\/api.w.org\/{rel}","templated":true}]}}