{"id":636558,"date":"2026-01-02T16:47:10","date_gmt":"2026-01-02T16:47:10","guid":{"rendered":"https:\/\/www.europesays.com\/fr\/636558\/"},"modified":"2026-01-02T16:47:10","modified_gmt":"2026-01-02T16:47:10","slug":"un-batiment-residentiel-et-un-centre-commercial-attaques-par-larmee-russe-a-kharkiv-au-moins-25-blesses-selon-kiev","status":"publish","type":"post","link":"https:\/\/www.europesays.com\/fr\/636558\/","title":{"rendered":"un b\u00e2timent r\u00e9sidentiel et un centre commercial attaqu\u00e9s par l\u2019arm\u00e9e russe \u00e0 Kharkiv\u00a0; au moins 25\u00a0bless\u00e9s, selon Kiev"},"content":{"rendered":"<p>   L\u2019arm\u00e9e russe a conquis moins de 1\u00a0% du territoire ukrainien en\u00a02025, selon DeepState             <\/p>\n<p class=\"post__live-container--answer-text post__space-node\"><a href=\"https:\/\/t.me\/DeepStateUA\/23028\" target=\"_blank\" rel=\"noopener\" title=\"Nouvelle fen\u00eatre\">D\u2019apr\u00e8s les analystes du groupe DeepState<\/a>, proches de l\u2019arm\u00e9e ukrainienne, la Russie a conquis 4\u00a0336 kilom\u00e8tres carr\u00e9s (km\u00b2) suppl\u00e9mentaires en\u00a02025, ce qui repr\u00e9sente environ 0,72\u00a0% du territoire ukrainien.<\/p>\n<p class=\"post__live-container--answer-text post__space-node\">\u00ab\u00a0Du 1er\u00a0janvier\u00a02023 au 1er\u00a0janvier\u00a02026, l\u2019augmentation du territoire occup\u00e9 s\u2019est \u00e9lev\u00e9e \u00e0 7\u00a0463 km\u00b2, soit 1,23\u00a0% du territoire total\u00a0\u00bb, note le groupe d\u2019observateurs, qui estime que l\u2019ann\u00e9e 2025 \u00ab\u00a0a \u00e9t\u00e9 particuli\u00e8rement difficile pour les forces de d\u00e9fense ukrainiennes\u00a0\u00bb en comparaison aux ann\u00e9es pr\u00e9c\u00e9dentes.<\/p>\n<p class=\"post__live-container--answer-text post__space-node\">Au total, 116\u00a0165 km\u00b2 de territoire ukrainien sont occup\u00e9s actuellement par la Russie, ce qui repr\u00e9sente pr\u00e8s de 20\u00a0% de la superficie totale du pays. La Crim\u00e9e est toujours occup\u00e9e \u00e0 100\u00a0%, pr\u00e9cise DeepState.<\/p>\n<p class=\"post__live-container--answer-text post__space-node\">En\u00a02025, l\u2019avanc\u00e9e russe a \u00e9t\u00e9 la plus forte dans l\u2019oblast de Donetsk (Est), o\u00f9 pr\u00e8s de 78\u00a0% du territoire est \u00e0 pr\u00e9sent occup\u00e9, soit une augmentation de 10 points en un an. L\u2019autre partie du bassin du Donbass, l\u2019oblast de Louhansk, est quant \u00e0 elle presque enti\u00e8rement occup\u00e9e (99,6\u00a0%, soit une augmentation de 0,6\u00a0point en un an)<\/p>\n<p class=\"post__live-container--answer-text post__space-node\">Selon DeepState, \u00ab\u00a0la Russie n\u2019a que peu progress\u00e9 dans\u00a0l\u2019oblast de Zaporijia\u00a0\u00bb, \u00e0 l\u2019Est, occup\u00e9 \u00e0 75\u00a0%, contre 73\u00a0% \u00e0 la fin de 2024, et quasi aucun dans\u00a0l\u2019oblast de Kherson (Sud) occup\u00e9 \u00e0 72\u00a0%.<\/p>\n","protected":false},"excerpt":{"rendered":"L\u2019arm\u00e9e russe a conquis moins de 1\u00a0% du territoire ukrainien en\u00a02025, selon DeepState D\u2019apr\u00e8s les analystes du groupe&hellip;\n","protected":false},"author":2,"featured_media":636512,"comment_status":"","ping_status":"","sticky":false,"template":"","format":"standard","meta":{"footnotes":""},"categories":[5],"tags":[11,1011,27,14,12,28],"class_list":{"0":"post-636558","1":"post","2":"type-post","3":"status-publish","4":"format-standard","5":"has-post-thumbnail","7":"category-international","8":"tag-actualites","9":"tag-fr","10":"tag-france","11":"tag-international","12":"tag-news","13":"tag-world"},"share_on_mastodon":{"url":"https:\/\/pubeurope.com\/@fr\/115826527046642165","error":""},"_links":{"self":[{"href":"https:\/\/www.europesays.com\/fr\/wp-json\/wp\/v2\/posts\/636558","targetHints":{"allow":["GET"]}}],"collection":[{"href":"https:\/\/www.europesays.com\/fr\/wp-json\/wp\/v2\/posts"}],"about":[{"href":"https:\/\/www.europesays.com\/fr\/wp-json\/wp\/v2\/types\/post"}],"author":[{"embeddable":true,"href":"https:\/\/www.europesays.com\/fr\/wp-json\/wp\/v2\/users\/2"}],"replies":[{"embeddable":true,"href":"https:\/\/www.europesays.com\/fr\/wp-json\/wp\/v2\/comments?post=636558"}],"version-history":[{"count":0,"href":"https:\/\/www.europesays.com\/fr\/wp-json\/wp\/v2\/posts\/636558\/revisions"}],"wp:featuredmedia":[{"embeddable":true,"href":"https:\/\/www.europesays.com\/fr\/wp-json\/wp\/v2\/media\/636512"}],"wp:attachment":[{"href":"https:\/\/www.europesays.com\/fr\/wp-json\/wp\/v2\/media?parent=636558"}],"wp:term":[{"taxonomy":"category","embeddable":true,"href":"https:\/\/www.europesays.com\/fr\/wp-json\/wp\/v2\/categories?post=636558"},{"taxonomy":"post_tag","embeddable":true,"href":"https:\/\/www.europesays.com\/fr\/wp-json\/wp\/v2\/tags?post=636558"}],"curies":[{"name":"wp","href":"https:\/\/api.w.org\/{rel}","templated":true}]}}