{"id":636563,"date":"2026-01-02T16:50:11","date_gmt":"2026-01-02T16:50:11","guid":{"rendered":"https:\/\/www.europesays.com\/fr\/636563\/"},"modified":"2026-01-02T16:50:11","modified_gmt":"2026-01-02T16:50:11","slug":"saint-etienne-il-a-froid-en-attendant-son-train-il-allume-un-feu-devant-la-gare-pour-se-rechauffer","status":"publish","type":"post","link":"https:\/\/www.europesays.com\/fr\/636563\/","title":{"rendered":"Saint-\u00c9tienne. Il a froid en attendant son train, il allume un feu devant la gare pour se r\u00e9chauffer"},"content":{"rendered":"<p>Difficile de comprendre ce qui a bien pu passer par la t\u00eate de ce jeune homme, \u00e0 quelques heures du r\u00e9veillon de la Saint-Sylvestre, ce mercredi 31\u00a0d\u00e9cembre. Il \u00e9tait environ 4\u00a0h\u00a020 quand un \u00e9quipage de police en patrouille dans le secteur de Ch\u00e2teaucreux aper\u00e7oit de la fum\u00e9e devant la gare SNCF.<\/p>\n<p>Les policiers se rapprochent et se rendent compte qu\u2019une personne a vid\u00e9 le contenu d\u2019une poubelle devant les portes d\u2019entr\u00e9e de l\u2019\u00e9tablissement, puis y a mis le feu.<\/p>\n<p>  Poursuivi pour d\u00e9gradation par incendie d\u2019un bien d\u2019utilit\u00e9 publique<\/p>\n<p>Les fonctionnaires parviennent rapidement \u00e0 \u00e9teindre les flammes, qui avaient quand m\u00eame eu le temps de noircir la fa\u00e7ade du b\u00e2timent. Puis, ils interrogent l\u2019individu, \u00e2g\u00e9 de 23 ans.<\/p>\n<p>Originaire de Saint-\u00c9tienne, celui-ci explique que, ressentant le froid ambiant, il a d\u00e9cid\u00e9 de se r\u00e9chauffer en faisant un feu, en attendant que les portes de la gare soient ouvertes et qu\u2019il puisse monter \u00e0 bord de son train, \u00e0 5\u00a0h\u00a020.<\/p>\n<p>Finalement, ce dernier a \u00e9t\u00e9 interpell\u00e9 et plac\u00e9 en garde \u00e0 vue. \u00c0 l\u2019issue, le jeune homme s\u2019est vu signifier une convocation devant les services de la justice au cours des prochaines semaines dans le cadre d\u2019une comparution sur reconnaissance pr\u00e9alable de culpabilit\u00e9 (CRPC).<\/p>\n<p>Il devra notamment r\u00e9pondre de la d\u00e9gradation par incendie d\u2019un bien d\u2019utilit\u00e9 publique.<\/p>\n","protected":false},"excerpt":{"rendered":"Difficile de comprendre ce qui a bien pu passer par la t\u00eate de ce jeune homme, \u00e0 quelques&hellip;\n","protected":false},"author":2,"featured_media":636564,"comment_status":"","ping_status":"","sticky":false,"template":"","format":"standard","meta":{"footnotes":""},"categories":[9653],"tags":[1111,11,2430,271,272,7539,1777,674,274,107,1011,27,3367,12,25,4001,7538,104,2803],"class_list":{"0":"post-636563","1":"post","2":"type-post","3":"status-publish","4":"format-standard","5":"has-post-thumbnail","7":"category-saint-etienne","8":"tag-actu","9":"tag-actualites","10":"tag-auvergne-rhone-alpes","11":"tag-crime","12":"tag-delit-et-contravention","13":"tag-edition-loire-sud","14":"tag-eu","15":"tag-europe","16":"tag-faits-divers-justice","17":"tag-fil-info","18":"tag-fr","19":"tag-france","20":"tag-loire","21":"tag-news","22":"tag-republique-francaise","23":"tag-saint-etienne","24":"tag-saint-etienne-ville","25":"tag-societe","26":"tag-transport"},"share_on_mastodon":{"url":"https:\/\/pubeurope.com\/@fr\/115826538846943744","error":""},"_links":{"self":[{"href":"https:\/\/www.europesays.com\/fr\/wp-json\/wp\/v2\/posts\/636563","targetHints":{"allow":["GET"]}}],"collection":[{"href":"https:\/\/www.europesays.com\/fr\/wp-json\/wp\/v2\/posts"}],"about":[{"href":"https:\/\/www.europesays.com\/fr\/wp-json\/wp\/v2\/types\/post"}],"author":[{"embeddable":true,"href":"https:\/\/www.europesays.com\/fr\/wp-json\/wp\/v2\/users\/2"}],"replies":[{"embeddable":true,"href":"https:\/\/www.europesays.com\/fr\/wp-json\/wp\/v2\/comments?post=636563"}],"version-history":[{"count":0,"href":"https:\/\/www.europesays.com\/fr\/wp-json\/wp\/v2\/posts\/636563\/revisions"}],"wp:featuredmedia":[{"embeddable":true,"href":"https:\/\/www.europesays.com\/fr\/wp-json\/wp\/v2\/media\/636564"}],"wp:attachment":[{"href":"https:\/\/www.europesays.com\/fr\/wp-json\/wp\/v2\/media?parent=636563"}],"wp:term":[{"taxonomy":"category","embeddable":true,"href":"https:\/\/www.europesays.com\/fr\/wp-json\/wp\/v2\/categories?post=636563"},{"taxonomy":"post_tag","embeddable":true,"href":"https:\/\/www.europesays.com\/fr\/wp-json\/wp\/v2\/tags?post=636563"}],"curies":[{"name":"wp","href":"https:\/\/api.w.org\/{rel}","templated":true}]}}