{"id":636565,"date":"2026-01-02T16:51:12","date_gmt":"2026-01-02T16:51:12","guid":{"rendered":"https:\/\/www.europesays.com\/fr\/636565\/"},"modified":"2026-01-02T16:51:12","modified_gmt":"2026-01-02T16:51:12","slug":"on-se-doit-de-repondre","status":"publish","type":"post","link":"https:\/\/www.europesays.com\/fr\/636565\/","title":{"rendered":"On se doit de r\u00e9pondre"},"content":{"rendered":"<p>              Le point sur l\u2019effectif\u00a0<\/p>\n<p>Mahmoud Jaber et Augustine Boakye sont suspendus. Ebenezer Annan, Joao Ferreira, Joshua Duffus, Lassana Traor\u00e9 et Maxime Bernauer, touch\u00e9 au m\u00eame genou que plus t\u00f4t dans la saison, sont forfaits. Chico Lamba et A\u00efmen Moueffek se sont entra\u00een\u00e9s normalement cette semaine. On va voir d&rsquo;ici ce soir s\u2019ils int\u00e8grent un groupe auquel pr\u00e9tend Djylian N\u2019Guessan.<\/p>\n<p>La tr\u00eave hivernale\u00a0<\/p>\n<p>Ce n\u2019\u00e9tait pas la meilleure tr\u00eave possible apr\u00e8s des rendez-vous mitig\u00e9s. Il y a eu, en d\u00e9cembre, un match moyen \u00e0 Dunkerque avant cette rencontre face \u00e0 Bastia marqu\u00e9e par des s\u00e9quences folles qui nous ont priv\u00e9 des trois points qu\u2019on se devait de prendre. Et puis \u00e0 Nice, l\u2019\u00e9quipe a fait un bon match. On aurait aim\u00e9 se qualifier, mais j\u2019ai appr\u00e9ci\u00e9 notre performance sur laquelle on doit construire. (\u2026) Cette semaine, les joueurs sont revenus de tr\u00eave avec une bonne \u00e9nergie en s\u00e9ance. Maintenant, il faut mettre \u00e7a en match. Bien s\u00fbr, je pr\u00e9f\u00e9rerais m\u2019appuyer sur plus de joueurs, trop d\u2019entre eux sont encore \u00e9loign\u00e9s du terrain. Mais ceux pr\u00e9sents en s\u00e9ance sont dans le bon \u00e9tat d\u2019esprit !<\/p>\n<p>L\u2019adversaire du week-end<\/p>\n<p>Le Mans est sur une s\u00e9rie impressionnante et s\u2019affirme au fil des journ\u00e9es avec un style de jeu et surtout un vrai \u00e9tat d\u2019esprit collectif. C\u2019est une \u00e9quipe contre laquelle on s\u2019est inclin\u00e9s \u00e0 domicile. On se doit de r\u00e9pondre. (\u2026) Ne pas avoir remport\u00e9 notre derni\u00e8re rencontre de championnat face \u00e0 Bastia nous met sous pression. On doit gagner chaque match cette saison, et jusqu\u2019ici, nous n\u2019avons pas gagn\u00e9 assez. Pour r\u00e9gler \u00e7a, \u00e7a passe d\u2019abord par nos contenus.\u00a0<\/p>\n<p>Nadir El Jamali<\/p>\n<p>C\u2019est fantastique de travailler au quotidien avec un joueur comme Nadir. Je crois beaucoup en lui ! Pour \u00eatre honn\u00eate, je pense qu\u2019il m\u00e9rite plus de minutes de jeu. Je suis d\u00e9sol\u00e9 de ne pas avoir eu l\u2019opportunit\u00e9 de lui en donner plus. Il sent le football, est tr\u00e8s investi au quotidien\u2026 Il rend ses co\u00e9quipiers meilleurs car c\u2019est un joueur facile \u00e0 comprendre, qui ne se pr\u00e9cipite jamais. Il est pr\u00e9cieux et s\u2019il reste humble et qu\u2019il travaille dur, je lui pr\u00e9dis une grande carri\u00e8re.\u00a0<\/p>\n","protected":false},"excerpt":{"rendered":"Le point sur l\u2019effectif\u00a0 Mahmoud Jaber et Augustine Boakye sont suspendus. Ebenezer Annan, Joao Ferreira, Joshua Duffus, Lassana&hellip;\n","protected":false},"author":2,"featured_media":636566,"comment_status":"","ping_status":"","sticky":false,"template":"","format":"standard","meta":{"footnotes":""},"categories":[9653],"tags":[1111,11,2430,1777,674,1011,27,12,25,4001],"class_list":{"0":"post-636565","1":"post","2":"type-post","3":"status-publish","4":"format-standard","5":"has-post-thumbnail","7":"category-saint-etienne","8":"tag-actu","9":"tag-actualites","10":"tag-auvergne-rhone-alpes","11":"tag-eu","12":"tag-europe","13":"tag-fr","14":"tag-france","15":"tag-news","16":"tag-republique-francaise","17":"tag-saint-etienne"},"share_on_mastodon":{"url":"https:\/\/pubeurope.com\/@fr\/115826542751929156","error":""},"_links":{"self":[{"href":"https:\/\/www.europesays.com\/fr\/wp-json\/wp\/v2\/posts\/636565","targetHints":{"allow":["GET"]}}],"collection":[{"href":"https:\/\/www.europesays.com\/fr\/wp-json\/wp\/v2\/posts"}],"about":[{"href":"https:\/\/www.europesays.com\/fr\/wp-json\/wp\/v2\/types\/post"}],"author":[{"embeddable":true,"href":"https:\/\/www.europesays.com\/fr\/wp-json\/wp\/v2\/users\/2"}],"replies":[{"embeddable":true,"href":"https:\/\/www.europesays.com\/fr\/wp-json\/wp\/v2\/comments?post=636565"}],"version-history":[{"count":0,"href":"https:\/\/www.europesays.com\/fr\/wp-json\/wp\/v2\/posts\/636565\/revisions"}],"wp:featuredmedia":[{"embeddable":true,"href":"https:\/\/www.europesays.com\/fr\/wp-json\/wp\/v2\/media\/636566"}],"wp:attachment":[{"href":"https:\/\/www.europesays.com\/fr\/wp-json\/wp\/v2\/media?parent=636565"}],"wp:term":[{"taxonomy":"category","embeddable":true,"href":"https:\/\/www.europesays.com\/fr\/wp-json\/wp\/v2\/categories?post=636565"},{"taxonomy":"post_tag","embeddable":true,"href":"https:\/\/www.europesays.com\/fr\/wp-json\/wp\/v2\/tags?post=636565"}],"curies":[{"name":"wp","href":"https:\/\/api.w.org\/{rel}","templated":true}]}}