{"id":636567,"date":"2026-01-02T16:52:18","date_gmt":"2026-01-02T16:52:18","guid":{"rendered":"https:\/\/www.europesays.com\/fr\/636567\/"},"modified":"2026-01-02T16:52:18","modified_gmt":"2026-01-02T16:52:18","slug":"le-concert-attendu-de-lharmonie-nanceienne","status":"publish","type":"post","link":"https:\/\/www.europesays.com\/fr\/636567\/","title":{"rendered":"Le concert attendu de L\u2019Harmonie nanc\u00e9ienne"},"content":{"rendered":"<p>Depuis pr\u00e8s de quinze ans, l\u2019Harmonie nanc\u00e9ienne re\u00e7oit toujours un accueil chaleureux du public seichanais. Le concert de Nouvel An a d\u00e9but\u00e9 en 2009. Jean-Marc Illi, chef historique de la formation compos\u00e9e d\u2019instruments \u00e0 vent (bois et cuivres) et de percussions, a laiss\u00e9 sa baguette \u00e0 deux jeunes chefs d\u2019orchestre Erwan Corveler et Pierre Antoine Caboufigue. L\u2019orchestre d\u2019une trentaine de musiciens interpr\u00e9tera des musiques de films, de com\u00e9dies musicales, des musiques de No\u00ebl.<\/p>\n<p class=\"note\">Dimanche 11\u00a0janvier \u00e0 15\u00a0h au centre socioculturel. Entr\u00e9e libre.<\/p>\n","protected":false},"excerpt":{"rendered":"Depuis pr\u00e8s de quinze ans, l\u2019Harmonie nanc\u00e9ienne re\u00e7oit toujours un accueil chaleureux du public seichanais. Le concert de&hellip;\n","protected":false},"author":2,"featured_media":636568,"comment_status":"","ping_status":"","sticky":false,"template":"","format":"standard","meta":{"footnotes":""},"categories":[9635],"tags":[1111,11,1687,1704,1777,674,1011,27,775,11362,873,1702,12,25,13654],"class_list":{"0":"post-636567","1":"post","2":"type-post","3":"status-publish","4":"format-standard","5":"has-post-thumbnail","7":"category-nancy","8":"tag-actu","9":"tag-actualites","10":"tag-culture-loisirs","11":"tag-edition-nancy-et-agglomeration","12":"tag-eu","13":"tag-europe","14":"tag-fr","15":"tag-france","16":"tag-grand-est","17":"tag-metropole-du-grand-nancy-54b3","18":"tag-musique","19":"tag-nancy","20":"tag-news","21":"tag-republique-francaise","22":"tag-seichamps"},"share_on_mastodon":{"url":"https:\/\/pubeurope.com\/@fr\/115826546756396027","error":""},"_links":{"self":[{"href":"https:\/\/www.europesays.com\/fr\/wp-json\/wp\/v2\/posts\/636567","targetHints":{"allow":["GET"]}}],"collection":[{"href":"https:\/\/www.europesays.com\/fr\/wp-json\/wp\/v2\/posts"}],"about":[{"href":"https:\/\/www.europesays.com\/fr\/wp-json\/wp\/v2\/types\/post"}],"author":[{"embeddable":true,"href":"https:\/\/www.europesays.com\/fr\/wp-json\/wp\/v2\/users\/2"}],"replies":[{"embeddable":true,"href":"https:\/\/www.europesays.com\/fr\/wp-json\/wp\/v2\/comments?post=636567"}],"version-history":[{"count":0,"href":"https:\/\/www.europesays.com\/fr\/wp-json\/wp\/v2\/posts\/636567\/revisions"}],"wp:featuredmedia":[{"embeddable":true,"href":"https:\/\/www.europesays.com\/fr\/wp-json\/wp\/v2\/media\/636568"}],"wp:attachment":[{"href":"https:\/\/www.europesays.com\/fr\/wp-json\/wp\/v2\/media?parent=636567"}],"wp:term":[{"taxonomy":"category","embeddable":true,"href":"https:\/\/www.europesays.com\/fr\/wp-json\/wp\/v2\/categories?post=636567"},{"taxonomy":"post_tag","embeddable":true,"href":"https:\/\/www.europesays.com\/fr\/wp-json\/wp\/v2\/tags?post=636567"}],"curies":[{"name":"wp","href":"https:\/\/api.w.org\/{rel}","templated":true}]}}