{"id":63657,"date":"2025-04-30T06:06:22","date_gmt":"2025-04-30T06:06:22","guid":{"rendered":"https:\/\/www.europesays.com\/fr\/63657\/"},"modified":"2025-04-30T06:06:22","modified_gmt":"2025-04-30T06:06:22","slug":"en-direct-ukraine-washington-menace-de-cesser-sa-mediation-si-kiev-et-moscou-ne-font-pas-de-propositions-concretes","status":"publish","type":"post","link":"https:\/\/www.europesays.com\/fr\/63657\/","title":{"rendered":"EN DIRECT &#8211; Ukraine : Washington menace de cesser sa m\u00e9diation si Kiev et Moscou ne font pas de \u00ab\u00a0propositions concr\u00e8tes\u00a0\u00bb"},"content":{"rendered":"<p>Le pr\u00e9sident ukrainien a appel\u00e9 \u00e0 ne faire \u00ab\u00a0cadeau\u00a0\u00bb d&rsquo;aucun territoire \u00e0 la Russie pour mettre fin \u00e0 la guerre.De leur c\u00f4t\u00e9, les \u00c9tats-Unis menacent de cesser leur m\u00e9diation pour mettre fin \u00e0 la guerre si les deux parties ne font pas de \u00ab\u00a0propositions concr\u00e8tes\u00a0\u00bb;Suivez les derni\u00e8res informations.<a href=\"https:\/\/www.tf1info.fr\/actualite\/invasion-de-l-ukraine-par-la-russie-une-guerre-qui-dure-12951\/\" rel=\"nofollow noopener\" class=\"jsx-3118104007 Link jsx-1428418400 jsx-554215408\" target=\"_blank\"><\/p>\n<p style=\"font-weight:400\" class=\"jsx-1837267516\">Suivez la couverture compl\u00e8te<\/p>\n<p style=\"font-weight:800\" class=\"jsx-1837267516\">Ukraine : 4\u1d49 ann\u00e9e de guerre<\/p>\n<p><\/a>Minute par minute07:55WASHINGTON MENACE DE JETER L&rsquo;\u00c9PONGE<\/p>\n<p>Le secr\u00e9taire d&rsquo;\u00c9tat am\u00e9ricain a averti mardi que les \u00c9tats-Unis mettraient fin \u00e0 leur m\u00e9diation si la Russie et l&rsquo;Ukraine ne faisaient pas des \u00ab\u00a0propositions concr\u00e8tes\u00a0\u00bb pour mettre fin \u00e0 la guerre.<\/p>\n<p>International<img decoding=\"async\" src=\"https:\/\/www.europesays.com\/fr\/wp-content\/uploads\/2025\/04\/marco-rubio-a-paris-17-avril-2025-690744-0@1x.jpeg\" alt=\"Le chef de la diplomatie am\u00e9ricaine Marco Rubio en visite \u00e0 Paris\" loading=\"lazy\" importance=\"low\" fetchpriority=\"low\" class=\"\" copyright=\"JULIEN DE ROSA \/ POOL \/ AFP\" aria-hidden=\"true\"\/><\/p>\n<p>Publi\u00e9 hier \u00e0 23h04<\/p>\n<p>06:35DNIPRO ET KHARKIV<\/p>\n<p>Au moins une personne est morte et 39 autres ont \u00e9t\u00e9 bless\u00e9es dans des frappes russes sur les villes ukrainiennes de Dnipro (centre-est) et Kharkiv (nord-est), ont indiqu\u00e9 les autorit\u00e9s locales dans la nuit de mardi \u00e0 mercredi.<\/p>\n<p>\u00ab\u00a0Une attaque massive de drones sur Dnipro (&#8230;) Pour l&rsquo;instant, nous avons connaissance d&rsquo;une personne d\u00e9c\u00e9d\u00e9e\u00a0\u00bb, a d\u00e9clar\u00e9 sur la messagerie Telegram le gouverneur de la r\u00e9gion de Dnipropetrovsk, Sergiy Lysak.<\/p>\n<p>Le maire de la ville, Borys Filatov, a, lui aussi, fait \u00e9tat d&rsquo;un mort lors d&rsquo;une \u00ab\u00a0attaque massive\u00a0\u00bb, sans plus de d\u00e9tails permettant d&rsquo;affirmer qu&rsquo;il s&rsquo;agit de la m\u00eame victime.<\/p>\n<p>06:17&Prime;SON R\u00caVE \u00c9TAIT DE S&rsquo;EMPARER DE TOUT LE PAYS\u00a0\u00bb<\/p>\n<p>Donald Trump a estim\u00e9 mardi que Vladimir Poutine voulait la paix en Ukraine, quelques jours apr\u00e8s avoir \u00e9mis des doutes sur les intentions de son homologue russe.<\/p>\n<p>\u00ab\u00a0Je pense qu&rsquo;il le veut\u00a0\u00bb, a r\u00e9pondu le pr\u00e9sident am\u00e9ricain \u00e0 un journaliste d&rsquo;ABC qui lui demandait s&rsquo;il pensait que Vladimir Poutine souhaitait mettre un terme au conflit en Ukraine.<\/p>\n<p>\u00ab\u00a0Je pense que son r\u00eave \u00e9tait de s&#8217;emparer de tout le pays\u00a0\u00bb, mais \u00ab\u00a0\u00e0 cause de moi, il ne va pas le faire\u00a0\u00bb, a ajout\u00e9 le r\u00e9publicain, qui c\u00e9l\u00e9brait mardi les 100 jours de son retour \u00e0 la Maison Blanche.<\/p>\n<p><img decoding=\"async\" src=\"https:\/\/www.europesays.com\/fr\/wp-content\/uploads\/2025\/04\/donald-trump-washington-100-jours-29-avril-2025-5b3875-0@1x.jpeg\" alt=\"\" loading=\"lazy\" importance=\"low\" fetchpriority=\"low\" class=\"\"\/>AFP06:14L&rsquo;AGACEMENT DES \u00c9TATS-UNIS<\/p>\n<p>Se montrant de plus en plus agac\u00e9s, les \u00c9tats-Unis ont exhort\u00e9 mardi la Russie et l&rsquo;Ukraine \u00e0 faire des \u00ab\u00a0propositions concr\u00e8tes\u00a0\u00bb en vue de mettre fin \u00e0 la guerre, faute de quoi ils cesseront leur m\u00e9diation.<\/p>\n<p>Le pr\u00e9sident ukrainien Volodymyr Zelensky a lui appel\u00e9 \u00e0 ne faire \u00ab\u00a0cadeau\u00a0\u00bb d&rsquo;aucun territoire \u00e0 son homologue russe Vladimir Poutine, alors que la reconnaissance de r\u00e9gions occup\u00e9es par Moscou semble \u00eatre envisag\u00e9e par Washington.<\/p>\n<p>\u00ab\u00a0Nous sommes arriv\u00e9s \u00e0 un moment o\u00f9 les deux parties doivent faire des propositions concr\u00e8tes pour mettre fin \u00e0 ce conflit\u00a0\u00bb, a affirm\u00e9 \u00e0 la presse la porte-parole du d\u00e9partement d&rsquo;\u00c9tat, Tammy Bruce, disant lire un message de son patron Marco Rubio.<\/p>\n<p>06:13SOLDATS NORD-COR\u00c9ENS<\/p>\n<p>Environ 600 soldats nord-cor\u00e9ens ont \u00e9t\u00e9 tu\u00e9s en combattant aux c\u00f4t\u00e9s des forces russes dans leur guerre contre l&rsquo;Ukraine, a affirm\u00e9 mercredi un d\u00e9put\u00e9 sud-cor\u00e9en sp\u00e9cialiste du renseignement.<\/p>\n<p>\u00ab\u00a0Jusqu&rsquo;\u00e0 pr\u00e9sent, les pertes des troupes nord-cor\u00e9ennes sont estim\u00e9es \u00e0 pr\u00e8s de 4.700, dont environ 600 morts\u00a0\u00bb, a d\u00e9clar\u00e9 \u00e0 la presse le d\u00e9put\u00e9 Lee Seong-kweun, membre de la commission parlementaire du renseignement, au sortir d&rsquo;un briefing avec les services secrets sud-cor\u00e9ens.<\/p>\n<p>Environ 2.000 soldats bless\u00e9s ont \u00e9t\u00e9 rapatri\u00e9s en Cor\u00e9e du Nord entre janvier et mars par voie a\u00e9rienne et ferroviaire, et ils seraient plac\u00e9s \u00e0 l&rsquo;isolement \u00e0 Pyongyang et dans d&rsquo;autres r\u00e9gions du pays, a poursuivi M. Lee.<\/p>\n<p>06:08BONJOUR<\/p>\n<p>Bienvenue dans ce direct consacr\u00e9 \u00e0 la guerre en Ukraine, d\u00e9but\u00e9e il y a plus de trois ans apr\u00e8s l&rsquo;invasion des troupes russes de Vladimir Poutine. Suivez ici, tout au long de la journ\u00e9e, les derni\u00e8res informations autour du conflit, avec l&rsquo;\u00e9clairage de nos experts et envoy\u00e9s sp\u00e9ciaux.<\/p>\n<p data-module=\"article-paragraph\" class=\"jsx-362436225 Paragraph\">Volodymyr Zelensky a exhort\u00e9 mardi \u00e0 ne faire \u00ab\u00a0cadeau\u00a0\u00bb d&rsquo;aucun territoire \u00e0 Vladimir Poutine pour mettre fin \u00e0 la guerre, alors que la reconnaissance de r\u00e9gions occup\u00e9es par Moscou semble \u00eatre envisag\u00e9e par Washington. \u00ab\u00a0Nous voulons tous que cette guerre se termine de mani\u00e8re \u00e9quitable, sans cadeau pour Poutine, et surtout pas des terres\u00a0\u00bb, a d\u00e9clar\u00e9 Zelensky lors d&rsquo;un sommet r\u00e9gional.<\/p>\n<p data-module=\"article-paragraph\" class=\"jsx-362436225 Paragraph Paragraph__End\">La Russie occupe partiellement quatre r\u00e9gions du sud et de l&rsquo;est de l&rsquo;Ukraine, dont elle a revendiqu\u00e9 l&rsquo;annexion en 2022 : celles de Donetsk, Lougansk, Zaporijia et Kherson. Elle a aussi annex\u00e9 en 2014 la p\u00e9ninsule ukrainienne de Crim\u00e9e apr\u00e8s une intervention de ses forces sp\u00e9ciales et un r\u00e9f\u00e9rendum d\u00e9nonc\u00e9 par Kiev et les Occidentaux.<\/p>\n<ul class=\"jsx-658110588 ReadMoreArticle__List flex flex-column\">\n<li class=\"jsx-658110588\"><a href=\"https:\/\/www.tf1info.fr\/international\/guerre-ukraine-russie-marco-rubio-les-deux-parties-doivent-faire-des-propositions-concretes-washington-met-la-pression-sur-moscou-et-kiev-2367958.html\" rel=\"nofollow noopener\" class=\"jsx-4233824444 Link flex\" target=\"_blank\"><img decoding=\"async\" src=\"https:\/\/www.europesays.com\/fr\/wp-content\/uploads\/2025\/04\/marco-rubio-a-paris-17-avril-2025-55bf79-0@1x.jpeg\" alt=\"Le chef de la diplomatie am\u00e9ricaine Marco Rubio en visite \u00e0 Paris\" loading=\"lazy\" importance=\"low\" fetchpriority=\"low\" class=\"\" copyright=\"JULIEN DE ROSA \/ POOL \/ AFP\"\/>\n<p class=\"jsx-658110588 ReadMoreArticle__Title\">Lire aussi<\/p>\n<p class=\"jsx-658110588\">Sans \u00ab\u00a0propositions concr\u00e8tes\u00a0\u00bb de la Russie et l&rsquo;Ukraine, Washington menace de jeter l&rsquo;\u00e9ponge<\/p>\n<p><\/a><\/li>\n<\/ul>\n<p data-module=\"article-paragraph\" class=\"jsx-362436225 Paragraph\">Le chef de la diplomatie russe, Sergue\u00ef Lavrov, a insist\u00e9 lundi que la reconnaissance internationale de ces annexions est une condition \u00ab\u00a0imp\u00e9rative\u00a0\u00bb pour la fin de l&rsquo;invasion de l&rsquo;Ukraine, lanc\u00e9e en 2022. L&rsquo;administration de Donald Trump, qui veut mettre fin \u00e0 la guerre le plus rapidement possible, envisage de reconna\u00eetre la Crim\u00e9e comme russe, et voire de pousser l&rsquo;Ukraine \u00e0 y renoncer, selon des m\u00e9dias.<\/p>\n<p data-module=\"article-paragraph\" class=\"jsx-362436225 Paragraph Paragraph__End\">Volodymyr Zelensky a de son c\u00f4t\u00e9 insist\u00e9 \u00e0 plusieurs repris ces derniers jours qu&rsquo;une telle \u00e9ventualit\u00e9 serait inacceptable pour Kiev. Trump avait estim\u00e9 dimanche que la position du dirigeant ukrainien \u00e0 ce sujet pourrait changer.<\/p>\n<p data-module=\"article-paragraph\" class=\"jsx-362436225 Paragraph\">Dans son adresse quotidienne mardi, Zelensky a aussi appel\u00e9 une nouvelle fois la Russie \u00e0 accepter un cessez-le-feu \u00ab\u00a0inconditionnel et global\u00a0\u00bb de 30 jours. Vladimir Poutine a, lui, ordonn\u00e9 \u00e0 ses soldats de faire taire les armes du 8 au 10 mai, \u00e0 l&rsquo;occasion des comm\u00e9morations de la victoire sur l&rsquo;Allemagne nazie, alors qu&rsquo;une grande parade militaire doit se d\u00e9rouler le 9 mai sur la place Rouge \u00e0 Moscou.<\/p>\n<p data-module=\"article-paragraph\" class=\"jsx-362436225 Paragraph Paragraph__End\">Les Russes \u00ab\u00a0s&rsquo;inqui\u00e8tent que leur parade soit menac\u00e9e, et ils ont raison de s&rsquo;inqui\u00e9ter. Mais ils devraient s&rsquo;inqui\u00e9ter de la poursuite de la guerre\u00a0\u00bb, a averti Zelensky mardi. Le dirigeant ukrainien a aussi affirm\u00e9 que Kiev se \u00ab\u00a0pr\u00e9parait \u00e0 discuter avec les \u00c9tats-Unis de nouvelles mesures de sanctions\u00a0\u00bb envers Moscou.<\/p>\n<p>La r\u00e9daction de TF1info<\/p>\n","protected":false},"excerpt":{"rendered":"Le pr\u00e9sident ukrainien a appel\u00e9 \u00e0 ne faire \u00ab\u00a0cadeau\u00a0\u00bb d&rsquo;aucun territoire \u00e0 la Russie pour mettre fin \u00e0&hellip;\n","protected":false},"author":2,"featured_media":63658,"comment_status":"","ping_status":"","sticky":false,"template":"","format":"standard","meta":{"footnotes":""},"categories":[1591],"tags":[1111,11,1921,75,1887,1918,1922,1916,12,1885,1886,132,220,1917,133,1920,135,134],"class_list":{"0":"post-63657","1":"post","2":"type-post","3":"status-publish","4":"format-standard","5":"has-post-thumbnail","7":"category-russie","8":"tag-actu","9":"tag-actualites","10":"tag-article-video","11":"tag-donald-trump","12":"tag-federation-de-russie","13":"tag-guerre-en-ukraine-une-treve-en-negociation","14":"tag-info","15":"tag-moscou","16":"tag-news","17":"tag-russia","18":"tag-russian-federation","19":"tag-russie","20":"tag-ukraine","21":"tag-ukraine-4-annee-de-guerre","22":"tag-video","23":"tag-video-international","24":"tag-vladimir-poutine","25":"tag-volodymyr-zelensky"},"share_on_mastodon":{"url":"https:\/\/pubeurope.com\/@fr\/114425415943865202","error":""},"_links":{"self":[{"href":"https:\/\/www.europesays.com\/fr\/wp-json\/wp\/v2\/posts\/63657","targetHints":{"allow":["GET"]}}],"collection":[{"href":"https:\/\/www.europesays.com\/fr\/wp-json\/wp\/v2\/posts"}],"about":[{"href":"https:\/\/www.europesays.com\/fr\/wp-json\/wp\/v2\/types\/post"}],"author":[{"embeddable":true,"href":"https:\/\/www.europesays.com\/fr\/wp-json\/wp\/v2\/users\/2"}],"replies":[{"embeddable":true,"href":"https:\/\/www.europesays.com\/fr\/wp-json\/wp\/v2\/comments?post=63657"}],"version-history":[{"count":0,"href":"https:\/\/www.europesays.com\/fr\/wp-json\/wp\/v2\/posts\/63657\/revisions"}],"wp:featuredmedia":[{"embeddable":true,"href":"https:\/\/www.europesays.com\/fr\/wp-json\/wp\/v2\/media\/63658"}],"wp:attachment":[{"href":"https:\/\/www.europesays.com\/fr\/wp-json\/wp\/v2\/media?parent=63657"}],"wp:term":[{"taxonomy":"category","embeddable":true,"href":"https:\/\/www.europesays.com\/fr\/wp-json\/wp\/v2\/categories?post=63657"},{"taxonomy":"post_tag","embeddable":true,"href":"https:\/\/www.europesays.com\/fr\/wp-json\/wp\/v2\/tags?post=63657"}],"curies":[{"name":"wp","href":"https:\/\/api.w.org\/{rel}","templated":true}]}}