{"id":636571,"date":"2026-01-02T16:55:11","date_gmt":"2026-01-02T16:55:11","guid":{"rendered":"https:\/\/www.europesays.com\/fr\/636571\/"},"modified":"2026-01-02T16:55:11","modified_gmt":"2026-01-02T16:55:11","slug":"la-rochelle-et-clermont-nont-pas-le-droit-a-lerreur","status":"publish","type":"post","link":"https:\/\/www.europesays.com\/fr\/636571\/","title":{"rendered":"La Rochelle et Clermont n\u2019ont pas le droit \u00e0 l\u2019erreur"},"content":{"rendered":"<p>Le Top\u00a014 poursuit son chemin ce samedi, trois jours apr\u00e8s le r\u00e9veillon avec le d\u00e9but de la phase retour, o\u00f9 Clermont et La\u00a0Rochelle doivent gagner sous peine de se laisser distancer dans la course \u00e0 la phase finale.<\/p>\n<p>Au terme des treize premi\u00e8res journ\u00e9es, la hi\u00e9rarchie de la poule unique a mis en \u00e9vidence en haut trois \u00e9quipes, Toulouse, Pau et dans une moindre mesure Toulon, et deux en bas, Perpignan et Montauban.\u00a0Le reste du peloton est tr\u00e8s group\u00e9, avec un point entre la 4e (Stade fran\u00e7ais) et la 9e\u00a0place (Montpellier).<\/p>\n<p>La\u00a0Rochelle et Clermont n\u2019ont pas le droit \u00e0 l\u2019erreur<\/p>\n<p>Si Lyon (12e) commence \u00e0 d\u00e9crocher, le m\u00eame risque pointe pour La\u00a0Rochelle et Clermont, actuellement \u00e0 trois points de la 4e\u00a0place, en cas de mauvais r\u00e9sultat ce week-end. La\u00a0Rochelle va c\u00e9l\u00e9brer dimanche sa 10e\u00a0ann\u00e9e de match \u00e0 guichets ferm\u00e9s du stade Marcel-Deflandre \u00e0 l\u2019occasion d\u2019une rencontre de gala contre Toulon, soit 122 matchs de Top\u00a014.<\/p>\n<p>\u00c0 domicile dimanche (21\u00a0h\u00a005), les Rochelais ne peuvent pas perdre, alors que les Toulonnais, qui ont d\u00e9j\u00e0 gagn\u00e9 \u00e0 Montpellier et Montauban, esp\u00e8rent faire un coup chez un gros nom. Pour Clermont, la situation est un peu plus apais\u00e9e avec la victoire contre l\u2019UBB lors de la 13e\u00a0journ\u00e9e, qui a mis fin \u00e0 une s\u00e9rie de trois d\u00e9faites, dont une \u00e0 Perpignan, o\u00f9 toutes les autres \u00e9quipes s\u2019\u00e9taient impos\u00e9es jusqu\u2019ici.<\/p>\n<p>Il ne faudra pas faire de m\u00eame contre Montauban samedi (16\u00a0h\u00a035), avant-dernier du championnat, mais dont les performances \u00e0 domicile sont plus solides que les d\u00e9b\u00e2cles \u00e0 chaque d\u00e9placement, comme celui \u00e0 Clermont en phase aller (84-31, 5e\u00a0journ\u00e9e).<\/p>\n<p>Lutte \u00e0 distance pour Pau et Toulouse<\/p>\n<p>En haut du classement, Toulouse, qui a repris la t\u00eate la semaine pass\u00e9e apr\u00e8s un succ\u00e8s \u00e9clatant contre La\u00a0Rochelle, se d\u00e9place \u00e0 Perpignan ce samedi (14\u00a0h\u00a030). Si les Catalans sont derniers, les prestations de l\u2019\u00e9quipe sont bien plus satisfaisantes depuis un mois et la t\u00e2che des triples champions de France ne sera pas aussi ais\u00e9e que sur le papier. D\u2019autant plus que Toulouse compte de nombreux absents sur ses lignes arri\u00e8re, et que les Toulousains auront aussi un peu la t\u00eate \u00e0 la Champions Cup, qui les occupera les deux prochaines semaines et o\u00f9 la d\u00e9faite sera interdite apr\u00e8s le revers \u00e0 Glasgow en d\u00e9cembre.<\/p>\n<p>De son c\u00f4t\u00e9, Pau se d\u00e9place chez un autre mal class\u00e9, Lyon. Les Palois, en route pour une saison historique en Top\u00a014, vont r\u00e9cup\u00e9rer leur ailier Th\u00e9o Attissogbe. En face, Lyon doit gagner pour ne plus avoir rien \u00e0 jouer jusqu\u2019\u00e0 la fin de la saison, trop loin du Top\u00a06 comme des derni\u00e8res places en championnat et mal en point en Challenge Cup (deux d\u00e9faites).<\/p>\n<p>Bordeaux-B\u00e8gles\u00a0&#8211; Racing 92 en affiche<\/p>\n<p>Autre affiche de la journ\u00e9e samedi soir (21\u00a0h), la r\u00e9ception du Racing 92 par l\u2019UBB. Les champions d\u2019Europe sont en retard de plus de dix points par rapport \u00e0 leur rythme de la saison pass\u00e9e en Top\u00a014 et sont sous pression s\u2019ils veulent accrocher une des deux premi\u00e8res places, qualificatives pour les demi-finales.<\/p>\n<p>Les Racingmen ont un gros coup \u00e0 jouer en Top\u00a014 en janvier, avec ensuite deux r\u00e9ceptions cons\u00e9cutives de mal class\u00e9s, Perpignan et Lyon. \u00ab\u00a0On sait exactement o\u00f9 on est, on sait qu\u2019on a beaucoup d\u2019axes o\u00f9 on doit progresser [\u2026] comme la gestion des fins de match. Des choses qui d\u00e9pendent un peu de nous\u00a0\u00bb, a d\u00e9taill\u00e9 le manager du Racing 92 Patrice Collazo.<\/p>\n<p>Deux autres matchs opposent des membres du peloton du Top\u00a014, avec Stade fran\u00e7ais\u00a0&#8211; Castres et Montpellier\u00a0&#8211; Bayonne samedi (16\u00a0h\u00a035).<\/p>\n","protected":false},"excerpt":{"rendered":"Le Top\u00a014 poursuit son chemin ce samedi, trois jours apr\u00e8s le r\u00e9veillon avec le d\u00e9but de la phase&hellip;\n","protected":false},"author":2,"featured_media":636572,"comment_status":"","ping_status":"","sticky":false,"template":"","format":"standard","meta":{"footnotes":""},"categories":[9619],"tags":[1111,11,1777,674,1011,27,12,882,25,479,60,478,2310],"class_list":{"0":"post-636571","1":"post","2":"type-post","3":"status-publish","4":"format-standard","5":"has-post-thumbnail","7":"category-toulon","8":"tag-actu","9":"tag-actualites","10":"tag-eu","11":"tag-europe","12":"tag-fr","13":"tag-france","14":"tag-news","15":"tag-provence-alpes-cote-dazur","16":"tag-republique-francaise","17":"tag-rugby","18":"tag-sports","19":"tag-top-14","20":"tag-toulon"},"share_on_mastodon":{"url":"https:\/\/pubeurope.com\/@fr\/115826558463497294","error":""},"_links":{"self":[{"href":"https:\/\/www.europesays.com\/fr\/wp-json\/wp\/v2\/posts\/636571","targetHints":{"allow":["GET"]}}],"collection":[{"href":"https:\/\/www.europesays.com\/fr\/wp-json\/wp\/v2\/posts"}],"about":[{"href":"https:\/\/www.europesays.com\/fr\/wp-json\/wp\/v2\/types\/post"}],"author":[{"embeddable":true,"href":"https:\/\/www.europesays.com\/fr\/wp-json\/wp\/v2\/users\/2"}],"replies":[{"embeddable":true,"href":"https:\/\/www.europesays.com\/fr\/wp-json\/wp\/v2\/comments?post=636571"}],"version-history":[{"count":0,"href":"https:\/\/www.europesays.com\/fr\/wp-json\/wp\/v2\/posts\/636571\/revisions"}],"wp:featuredmedia":[{"embeddable":true,"href":"https:\/\/www.europesays.com\/fr\/wp-json\/wp\/v2\/media\/636572"}],"wp:attachment":[{"href":"https:\/\/www.europesays.com\/fr\/wp-json\/wp\/v2\/media?parent=636571"}],"wp:term":[{"taxonomy":"category","embeddable":true,"href":"https:\/\/www.europesays.com\/fr\/wp-json\/wp\/v2\/categories?post=636571"},{"taxonomy":"post_tag","embeddable":true,"href":"https:\/\/www.europesays.com\/fr\/wp-json\/wp\/v2\/tags?post=636571"}],"curies":[{"name":"wp","href":"https:\/\/api.w.org\/{rel}","templated":true}]}}