{"id":636573,"date":"2026-01-02T16:56:11","date_gmt":"2026-01-02T16:56:11","guid":{"rendered":"https:\/\/www.europesays.com\/fr\/636573\/"},"modified":"2026-01-02T16:56:11","modified_gmt":"2026-01-02T16:56:11","slug":"mort-de-francis-halle-le-celebre-botaniste-sest-eteint-chez-lui-a-montpellier-a-lage-de-87-ans","status":"publish","type":"post","link":"https:\/\/www.europesays.com\/fr\/636573\/","title":{"rendered":"Mort de Francis Hall\u00e9\u00a0: le c\u00e9l\u00e8bre botaniste s\u2019est \u00e9teint chez lui, \u00e0 Montpellier, \u00e0 l\u2019\u00e2ge de 87 ans"},"content":{"rendered":"<p>\n                                                                Le c\u00e9l\u00e8bre botaniste engag\u00e9 pour la pr\u00e9servation des for\u00eats primaires est d\u00e9c\u00e9d\u00e9 le 31\u00a0d\u00e9cembre \u00e0 23\u00a0heures \u00e0 Montpellier.\n                            <\/p>\n<p>Francis Hall\u00e9 s\u2019est \u00e9teint, chez lui, \u00e0 Montpellier, ce mercredi 31\u00a0d\u00e9cembre.\u00a0L\u2019association cr\u00e9\u00e9 par le c\u00e9l\u00e8bre botaniste l\u2019a annonc\u00e9 ce vendredi dans un communiqu\u00e9.<\/p>\n<p>\u00ab\u00a0Botaniste \u00e9m\u00e9rite \u00e0 la renomm\u00e9e internationale, il a largement contribu\u00e9 \u00e0 mieux faire conna\u00eetre les arbres et surtout les for\u00eats primaires qu\u2019il a \u00e9tudi\u00e9es toutes sa vie durant, souligne l\u2019association Francis Hall\u00e9\u00a0pour la for\u00eat primaire. Gr\u00e2ce \u00e0 son invention, le radeau des cimes, il a pu mener, pendant des d\u00e9cennies et sur plusieurs for\u00eats du globe, des recherches approfondies sur la canop\u00e9e et l\u2019incroyable biodiversit\u00e9 qu\u2019elle rec\u00e8le, Pour les scientifiques, il \u00e9tait un chercheur perp\u00e9tuellement en qu\u00eate de nouvelles explications sur le vivant, auteur d\u2019un grand nombre d\u2019ouvrages. Son dernier projet, la renaissance d\u2019un massif de for\u00eat primaire en Europe, est en cours gr\u00e2ce au travail de l\u2019association qui porte son nom.\u00a0\u00bb<\/p>\n<p class=\"std-elt__inline\">\n        <strong>\u00c0 lire aussi :<\/strong><br \/>\n        <a href=\"https:\/\/www.midilibre.fr\/2019\/09\/29\/ecologie-pour-le-botaniste-francis-halle-les-politiciens-ne-sont-pas-a-la-hauteur,8445651.php\" target=\"_blank\" rel=\"noopener\">\u00c9cologie : pour le botaniste Francis Hall\u00e9, \u00ab\u00a0Les politiciens ne sont pas \u00e0 la hauteur\u00a0\u00bb<\/a>\n    <\/p>\n<p>Un grand explorateur du vivant<\/p>\n<p>L\u2019association salue dans son communiqu\u00e9 la m\u00e9moire d\u2019un homme qui \u00ab\u00a0a consacr\u00e9 sa vie \u00e0 attirer l\u2019attention de ses contemporains sur la profonde beaut\u00e9 des plantes sur toute la plan\u00e8te, en particulier dans les milieux tropicaux, chers \u00e0 son c\u0153ur\u00a0\u00bb<\/p>\n<p>\u00ab\u00a0Son dernier livre s\u2019intitulait justement La beaut\u00e9 du vivant, comme un ultime rappel de ce qui a nourri sa carri\u00e8re de scientifique engag\u00e9, jusqu\u2019au bout.\u00a0\u00bb<\/p>\n","protected":false},"excerpt":{"rendered":"Le c\u00e9l\u00e8bre botaniste engag\u00e9 pour la pr\u00e9servation des for\u00eats primaires est d\u00e9c\u00e9d\u00e9 le 31\u00a0d\u00e9cembre \u00e0 23\u00a0heures \u00e0 Montpellier.&hellip;\n","protected":false},"author":2,"featured_media":636574,"comment_status":"","ping_status":"","sticky":false,"template":"","format":"standard","meta":{"footnotes":""},"categories":[9599],"tags":[1111,11,436,1777,674,1011,27,7089,2208,12,2680,25],"class_list":{"0":"post-636573","1":"post","2":"type-post","3":"status-publish","4":"format-standard","5":"has-post-thumbnail","7":"category-montpellier","8":"tag-actu","9":"tag-actualites","10":"tag-environnement","11":"tag-eu","12":"tag-europe","13":"tag-fr","14":"tag-france","15":"tag-herault","16":"tag-montpellier","17":"tag-news","18":"tag-occitanie","19":"tag-republique-francaise"},"share_on_mastodon":{"url":"https:\/\/pubeurope.com\/@fr\/115826562540635031","error":""},"_links":{"self":[{"href":"https:\/\/www.europesays.com\/fr\/wp-json\/wp\/v2\/posts\/636573","targetHints":{"allow":["GET"]}}],"collection":[{"href":"https:\/\/www.europesays.com\/fr\/wp-json\/wp\/v2\/posts"}],"about":[{"href":"https:\/\/www.europesays.com\/fr\/wp-json\/wp\/v2\/types\/post"}],"author":[{"embeddable":true,"href":"https:\/\/www.europesays.com\/fr\/wp-json\/wp\/v2\/users\/2"}],"replies":[{"embeddable":true,"href":"https:\/\/www.europesays.com\/fr\/wp-json\/wp\/v2\/comments?post=636573"}],"version-history":[{"count":0,"href":"https:\/\/www.europesays.com\/fr\/wp-json\/wp\/v2\/posts\/636573\/revisions"}],"wp:featuredmedia":[{"embeddable":true,"href":"https:\/\/www.europesays.com\/fr\/wp-json\/wp\/v2\/media\/636574"}],"wp:attachment":[{"href":"https:\/\/www.europesays.com\/fr\/wp-json\/wp\/v2\/media?parent=636573"}],"wp:term":[{"taxonomy":"category","embeddable":true,"href":"https:\/\/www.europesays.com\/fr\/wp-json\/wp\/v2\/categories?post=636573"},{"taxonomy":"post_tag","embeddable":true,"href":"https:\/\/www.europesays.com\/fr\/wp-json\/wp\/v2\/tags?post=636573"}],"curies":[{"name":"wp","href":"https:\/\/api.w.org\/{rel}","templated":true}]}}