{"id":636575,"date":"2026-01-02T16:57:11","date_gmt":"2026-01-02T16:57:11","guid":{"rendered":"https:\/\/www.europesays.com\/fr\/636575\/"},"modified":"2026-01-02T16:57:11","modified_gmt":"2026-01-02T16:57:11","slug":"mort-dun-sdf-de-28-ans-que-fait-michael-delafosse","status":"publish","type":"post","link":"https:\/\/www.europesays.com\/fr\/636575\/","title":{"rendered":"mort d&rsquo;un SDF de 28 ans, \u00ab\u00a0que fait Micha\u00ebl Delafosse ?\u00a0\u00bb"},"content":{"rendered":"<p>\n\t\t\t\t\tUn homme de 28 ans est mort le 30 d\u00e9cembre dernier \u00e0 Montpellier. Il vivait dans la rue. Les r\u00e9actions d&rsquo;indignation se succ\u00e8dent. \t\t\t\t<\/p>\n<p>\n\t\t\t\t\t\t\t\t\t\u00a9 Illustration, personne SDF.\t\t\t\t\t\t\t\t<\/p>\n<p>\t\t\t\t\t<a data-no-instant=\"1\" href=\"https:\/\/scaira.grantplatform.com\/\" rel=\"noopener\" class=\"a2t-link\" aria-label=\"3222-image\" target=\"_blank\"><img decoding=\"async\" src=\"https:\/\/www.europesays.com\/fr\/wp-content\/uploads\/2025\/12\/1765268656_24_3222-image.png\" alt=\"\"  \/><\/a><\/p>\n<p><strong>Un homme de 28 ans<\/strong>, sans-abri, est d\u00e9c\u00e9d\u00e9 mardi 30 d\u00e9cembre 2025, \u00e0\u00a0<a href=\"https:\/\/infoccitanie.fr\/tag\/montpellier\/\" target=\"_blank\" rel=\"noopener\">Montpellier,<\/a>\u00a0apr\u00e8s avoir \u00e9t\u00e9 retrouv\u00e9 en arr\u00eat cardio-respiratoire, rapporte\u00a0<a href=\"https:\/\/www.francebleu.fr\/infos\/faits-divers-justice\/un-sans-domicile-fixe-decede-a-montpellier-la-piste-de-l-hypothermie-envisagee-par-la-police-6190798\" target=\"_blank\" rel=\"noreferrer noopener\">ICI H\u00e9rault<\/a>. Les secours ont d\u00e9couvert la victime dans un <strong>b\u00e2timent du quartier Tournezy<\/strong>, pr\u00e8s d\u2019un entrep\u00f4t. Les pompiers sont parvenus \u00e0 relancer son c\u0153ur avant de le transporter au CHU,\u00a0<strong>o\u00f9 le SDF est d\u00e9c\u00e9d\u00e9 peu avant 13h<\/strong>. Selon les premiers \u00e9l\u00e9ments de l\u2019enqu\u00eate, la piste d\u2019une\u00a0<strong>hypothermie est privil\u00e9gi\u00e9e<\/strong>. Une autopsie a \u00e9t\u00e9 ordonn\u00e9e pour confirmer la cause du d\u00e9c\u00e8s. Une triste issue ayant entrain\u00e9 un flot de r\u00e9actions de personnalit\u00e9s locales, que voici : <\/p>\n<p>Antoine Bertrand, co-chef de file de la France Insoumise pour les \u00e9lections municipales \u00e0 Montpellier :<\/p>\n<p>\u00ab\u00a0Depuis des mois avec la France Insoumise, nous alertons les pouvoirs publics et la mairie sur le manque de places d\u2019h\u00e9bergement. Les r\u00e9ponses apport\u00e9es ne sont pas \u00e0 la hauteur de la situation. En 2025, 34 personnes sont d\u00e9j\u00e0 mortes dans la rue \u00e0 Montpellier. Chaque jour, plus de 100 enfants dorment dehors. Ces chiffres sont le r\u00e9sultat de choix politiques insuffisants face \u00e0 l\u2019ampleur de la crise du logement. Il faut changer de m\u00e9thode et agir imm\u00e9diatement.\u00a0Cela passe par un plan d\u2019urgence pour le logement \u00e0 Montpellier. (\u2026) Il faut pr\u00e9venir les expulsions et accompagner les m\u00e9nages en difficult\u00e9 ; mobiliser les logements vacants, y compris par la r\u00e9quisition quand c\u2019est n\u00e9cessaire ; d\u00e9velopper des solutions de logements temporaires et intercalaires ; relancer la production de logements, en particulier sociaux et tr\u00e8s sociaux. Ne plus laisser mourir dans la rue doit \u00eatre une priorit\u00e9. La pauvret\u00e9 tue. L\u2019inaction publique y contribue\u00a0\u00bb. <\/p>\n<p>R\u00e9mi Gaillard, personnalit\u00e9 publique, candidat aux municipales de 2020 :<\/p>\n<p>\u00ab\u00a0C\u2019est un drame absolu. Macron avait promis en 2017 qu\u2019il n\u2019y aurait plus de SDF en France, dans le m\u00eame temps, nous avons un maire \u00e0 Montpellier qui a <a href=\"https:\/\/www.midilibre.fr\/2021\/04\/10\/montpellier-alex-le-sdf-de-19-ans-est-sur-tous-les-fronts-mediatique-juridique-politique-9479223.php\" target=\"_blank\" rel=\"noopener\">verbalis\u00e9 des SDF<\/a> en 2021 pour la simple raison qu\u2019ils ne portaient pas de masque ! Voil\u00e0 l\u2019incoh\u00e9rence. Je suis extr\u00eamement en col\u00e8re, ce jeune aurait pu etre un ami, un fr\u00e8re, un cousin. Il aurait pu \u00eatre nous. A 28 ans, perdre la vie dans ces conditions est un scandale. Que fait Delafosse ? Rien. J\u2019invite les Montpelli\u00e9rains \u00e0 r\u00e9fl\u00e9chir sur ce qui est en train de se passer. Rappelons \u00e9galement que Micha\u00ebl Delafosse avait fait poser des rochers sous certains ponts, \u00e9vitant ainsi aux SDF de s\u2019installer et trouver un peu de r\u00e9pit. Ce d\u00e9c\u00e8s est tragique, mais je vais plus loin, il est symptomatique des d\u00e9cisions de nos politiques actuels\u00a0\u00bb. <\/p>\n<p>Philippe Saurel, ancien maire de Montpellier, conseiller d\u2019opposition Ville et M\u00e9tropole :<\/p>\n<p>\u00ab\u00a0C\u2019est un drame absolu, au regard des temp\u00e9ratures glaciales pr\u00e9vues pour la semaine sur la ville, la ville de Montpellier pourrait-elle ouvrir plusieurs salles communales pour les sans-abris au plus froid de la nuit et les accompagner pour assurer leur survie, merci pour eux\u00a0\u00bb. <\/p>\n<p>Serge Martin, conseiller d\u2019opposition \u00e0 la Ville : <\/p>\n<p>\u00ab\u00a0Lors des derni\u00e8res \u00e9lections municipales, les trois listes au second tour avaient affirm\u00e9 leur d\u00e9termination afin que plus aucune personne ne se retrouve \u00e0 la rue. Non seulement il y en a encore, mais en me promenant, je ne peux que constater leur augmentation dans les quartiers. La r\u00e9ponse de la municipalit\u00e9 est trop faible. R\u00e9cemment, une <a href=\"https:\/\/www.francebleu.fr\/infos\/societe\/montpellier-une-famille-a-la-rue-sur-le-parvis-de-l-hotel-de-ville-depuis-une-semaine-2499555\" target=\"_blank\" rel=\"noopener\">famille se trouvait sans h\u00e9bergement<\/a> devant la mairie. Je ne peux accepter que des femmes avec enfants se retrouvent \u00e0 la rue. C\u2019est d\u2019autant plus important en p\u00e9riode de canicule \u00e9galement, ces \u00e9pisodes vont se multiplier. On me rapporte \u00e9galement des t\u00e9moignages de violences envers les femmes dans des centres, des probl\u00e8mes notamment avec les chiens des personnes sans domicile. Ce jeune homme est d\u00e9c\u00e9d\u00e9 \u00e0 28 ans, c\u2019est un pur scandale et cela ne doit pas se reproduire\u00a0\u00bb. <\/p>\n<p>Pierrot, 30 ans, a v\u00e9cu dans la rue pendant trois ans. Il partage son t\u00e9moignage : <\/p>\n<p>\u00ab\u00a0Je me suis retrouv\u00e9 \u00e0 la rue \u00e0 la suite d\u2019une grosse rupture amoureuse. C\u2019\u00e9tait extr\u00eamement difficile, heureusement que j\u2019avais ma chienne avec moi. Tr\u00e8s r\u00e9guli\u00e8rement, nos duvets et couettes \u00e9taient jet\u00e9s par les services de nettoyage, on appelait en panique les associations pour en avoir des nouveaux et tenir les prochaines nuits. Je me suis retrouv\u00e9 dans un centre, le probl\u00e8me c\u2019est qu\u2019il concentrait beaucoup de personnes avec des addictions s\u00e9v\u00e8res, des probl\u00e8mes psychologiques\u2026 Pour m\u2019en sortir il fallait que je sorte de l\u00e0, que je revienne \u00e0 la rue. R\u00e9mi Gaillard, que je ne remercierai jamais assez, m\u2019a donn\u00e9 une exposition m\u00e9diatique \u00e9norme, me permettant de retrouver un logement par la suite. Aujourd\u2019hui je suis auto-entrepreneur dans le BTP et j\u2019ai un logement \u00e0 Montpellier. Ce jeune homme d\u00e9c\u00e9d\u00e9, c\u2019est une catastrophe. Surtout pour un jeune qui, si on l\u2019avait aid\u00e9, aurait pu s\u2019en sortir. Le gouvernement et la M\u00e9tropole ne mettent pas suffisamment de moyens. Pourquoi Montpellier ne fait-elle pas comme \u00e0 Colmar, en facilitant la distribuant d\u2019iglous, des sortes d\u2019<a href=\"https:\/\/france3-regions.franceinfo.fr\/grand-est\/haut-rhin\/colmar\/des-iglous-pour-les-sans-abris-une-innovation-contre-le-froid-vous-pouvez-gagner-jusqu-a-15-degres-de-temperature-3274295.html\" target=\"_blank\" rel=\"noopener\">abris thermiques <\/a>d\u00e9montables et facilement transportables destin\u00e9s aux sans-abri?\u00a0\u00bb. <\/p>\n<p>Aicha Baghaz, pr\u00e9sidente de l\u2019Association humanitaire de Montpellier, en appelle quant \u00e0 elle \u00e0 la responsabilit\u00e9 de l\u2019Etat : <\/p>\n<p>\u00ab\u00a0Un homme est mort \u00e0 la rue, \u00e0 Montpellier. Il s\u2019appelait Hvezenko Marks. Il avait 28 ans. Probablement mort d\u2019hypothermie. Qu\u2019on soit clair : la responsabilit\u00e9 premi\u00e8re est celle de l\u2019\u00c9tat. Le droit \u00e0 l\u2019h\u00e9bergement d\u2019urgence est inscrit dans la loi. Le 115, les places d\u2019urgence, l\u2019ouverture des gymnases : c\u2019est une comp\u00e9tence de l\u2019\u00c9tat. Attendre des temp\u00e9ratures \u00e0 \u20135\u00b0C pour ouvrir des lieux de mise \u00e0 l\u2019abri n\u2019est pas une fatalit\u00e9 climatique.C\u2019est un choix politique.Est-ce que nous dormirions dehors ?\u00c0 \u20131\u00b0C ?\u00c0 5\u00b0C ?M\u00eame \u00e0 5 degr\u00e9s, non. Alors pourquoi l\u2019accepter pour d\u2019autres ? On nous a promis le \u201cz\u00e9ro SDF dehors\u201d. La r\u00e9alit\u00e9 est brutale : des femmes et des hommes dorment encore dehors. Et Hvezenko Marks, 28 ans, en est la preuve tragique. Les associations font ce qu\u2019elles peuvent, souvent au-del\u00e0 de leurs moyens. Mais aucun ne doit servir de paravent \u00e0 l\u2019inaction de l\u2019\u00c9tat\u00a0\u00bb. <\/p>\n<p>La pr\u00e9fecture de l\u2019H\u00e9rault communique <\/p>\n<p>Alors que les seuils m\u00e9t\u00e9orologiques ne justifient pas l\u2019activation du plan Grand Froid dans le d\u00e9partement selon les services de l\u2019Etat, la pr\u00e9fecture de l\u2019H\u00e9rault dit renforcer la veille et les interventions. Mercredi dernier, la pr\u00e9fecture indiquait donc avoir mis en place une veille\u00a0\u201ctr\u00e8s active\u201d, m\u00eame en l\u2019absence de d\u00e9clenchement du plan. <\/p>\n<p>Les mesures visent \u00e0 limiter les situations les plus \u00e0 risque, notamment par un renforcement des maraudes sur le terrain. Le premier contact est inchang\u00e9 : le num\u00e9ro 115, g\u00e9r\u00e9 par le Service int\u00e9gr\u00e9 d\u2019accueil et d\u2019orientation de l\u2019H\u00e9rault, assure\u00a0\u201cune \u00e9coute inconditionnelle\u201d\u00a0et coordonne durant cette p\u00e9riode l\u2019acc\u00e8s aux places d\u2019h\u00e9bergement disponibles, en \u00ab\u00a0priorisant les personnes les plus vuln\u00e9rables\u00a0\u00bb. <\/p>\n<p>La pr\u00e9fecture de l\u2019H\u00e9rault indique \u00e9galement renforcer l\u2019\u00e9quipement des associations, afin notamment de permettre la distribution de sacs de couchage adapt\u00e9s aux basses temp\u00e9ratures. Ces structures sont mobilis\u00e9es pour ouvrir, si n\u00e9cessaire, des lieux ou des places d\u2019h\u00e9bergement suppl\u00e9mentaires la nuit. \u00c0 Montpellier, le Samu social reste en\u00ab\u00a0veille active\u00a0\u00bb afin d\u2019identifier les situations de vuln\u00e9rabilit\u00e9, poursuit la pr\u00e9fecture. Au total, 3 400 places d\u2019h\u00e9bergement d\u2019urgence et de mise \u00e0 l\u2019abri hivernale sont actuellement ouvertes dans le d\u00e9partement, rappellent les services de l\u2019Etat. <\/p>\n","protected":false},"excerpt":{"rendered":"Un homme de 28 ans est mort le 30 d\u00e9cembre dernier \u00e0 Montpellier. Il vivait dans la rue.&hellip;\n","protected":false},"author":2,"featured_media":636576,"comment_status":"","ping_status":"","sticky":false,"template":"","format":"standard","meta":{"footnotes":""},"categories":[9599],"tags":[1111,11,1777,674,1011,27,2208,12,2680,25],"class_list":{"0":"post-636575","1":"post","2":"type-post","3":"status-publish","4":"format-standard","5":"has-post-thumbnail","7":"category-montpellier","8":"tag-actu","9":"tag-actualites","10":"tag-eu","11":"tag-europe","12":"tag-fr","13":"tag-france","14":"tag-montpellier","15":"tag-news","16":"tag-occitanie","17":"tag-republique-francaise"},"share_on_mastodon":{"url":"https:\/\/pubeurope.com\/@fr\/115826566315191392","error":""},"_links":{"self":[{"href":"https:\/\/www.europesays.com\/fr\/wp-json\/wp\/v2\/posts\/636575","targetHints":{"allow":["GET"]}}],"collection":[{"href":"https:\/\/www.europesays.com\/fr\/wp-json\/wp\/v2\/posts"}],"about":[{"href":"https:\/\/www.europesays.com\/fr\/wp-json\/wp\/v2\/types\/post"}],"author":[{"embeddable":true,"href":"https:\/\/www.europesays.com\/fr\/wp-json\/wp\/v2\/users\/2"}],"replies":[{"embeddable":true,"href":"https:\/\/www.europesays.com\/fr\/wp-json\/wp\/v2\/comments?post=636575"}],"version-history":[{"count":0,"href":"https:\/\/www.europesays.com\/fr\/wp-json\/wp\/v2\/posts\/636575\/revisions"}],"wp:featuredmedia":[{"embeddable":true,"href":"https:\/\/www.europesays.com\/fr\/wp-json\/wp\/v2\/media\/636576"}],"wp:attachment":[{"href":"https:\/\/www.europesays.com\/fr\/wp-json\/wp\/v2\/media?parent=636575"}],"wp:term":[{"taxonomy":"category","embeddable":true,"href":"https:\/\/www.europesays.com\/fr\/wp-json\/wp\/v2\/categories?post=636575"},{"taxonomy":"post_tag","embeddable":true,"href":"https:\/\/www.europesays.com\/fr\/wp-json\/wp\/v2\/tags?post=636575"}],"curies":[{"name":"wp","href":"https:\/\/api.w.org\/{rel}","templated":true}]}}