{"id":636577,"date":"2026-01-02T16:59:10","date_gmt":"2026-01-02T16:59:10","guid":{"rendered":"https:\/\/www.europesays.com\/fr\/636577\/"},"modified":"2026-01-02T16:59:10","modified_gmt":"2026-01-02T16:59:10","slug":"on-retrouve-les-memes-similitudes-explique-le-pere-dun-enfant-decede-au-bar-du-cuba-libre-a-rouen-en-2016","status":"publish","type":"post","link":"https:\/\/www.europesays.com\/fr\/636577\/","title":{"rendered":"\u00ab\u00a0On retrouve les m\u00eames similitudes\u00a0\u00bb, explique le p\u00e8re d&rsquo;un enfant d\u00e9c\u00e9d\u00e9 au bar du Cuba Libre \u00e0 Rouen en 2016"},"content":{"rendered":"<p>Incendie en Suisse: \u00ab\u00a0On retrouve les m\u00eames similitudes\u00a0\u00bb, explique le p\u00e8re d&rsquo;un enfant d\u00e9c\u00e9d\u00e9 au bar du Cuba Libre \u00e0 Rouen en 2016Sur le m\u00eame sujet<a href=\"https:\/\/www.bfmtv.com\/international\/europe\/suisse\/video-incendie-en-suisse-113-blesses-sur-119-ont-ete-identifies-14-sont-francais-indique-les-autorites_VN-202601020378.html\" title=\"Incendie en Suisse: 113 bless\u00e9s sur 119 ont \u00e9t\u00e9 identifi\u00e9s, &quot;14 sont fran\u00e7ais&quot;, indique les autorit\u00e9s\" target=\"_blank\" rel=\"noopener\"><img width=\"16\" height=\"9\" class=\"lozad\"  alt=\"Incendie en Suisse: 113 bless\u00e9s sur 119 ont \u00e9t\u00e9 identifi\u00e9s, &quot;14 sont fran\u00e7ais&quot;, indique les autorit\u00e9s\"\/>0:59Incendie en Suisse: 113 bless\u00e9s sur 119 ont \u00e9t\u00e9 identifi\u00e9s, \u00ab\u00a014 sont fran\u00e7ais\u00a0\u00bb, indique les autorit\u00e9s<\/a><a href=\"https:\/\/www.bfmtv.com\/international\/europe\/suisse\/video-incendie-en-suisse-une-ceremonie-aura-lieu-le-9-janvier-a-crans-montana-en-hommage-aux-victimes-et-leurs-proches_VN-202601020377.html\" title=\"Incendie en Suisse: &quot;Une c\u00e9r\u00e9monie aura lieu le 9 janvier&quot; \u00e0 Crans-Montana, en hommage aux victimes et leurs proches\" target=\"_blank\" rel=\"noopener\"><img width=\"16\" height=\"9\" class=\"lozad\"  alt=\"Incendie en Suisse: &quot;Une c\u00e9r\u00e9monie aura lieu le 9 janvier&quot; \u00e0 Crans-Montana, en hommage aux victimes et leurs proches\"\/>2:29Incendie en Suisse: \u00ab\u00a0Une c\u00e9r\u00e9monie aura lieu le 9 janvier\u00a0\u00bb \u00e0 Crans-Montana, en hommage aux victimes et leurs proches<\/a><a href=\"https:\/\/www.bfmtv.com\/international\/europe\/suisse\/video-suisse-une-cinquantaine-de-blesses-ont-ete-transferes-ou-vont-l-etre-dans-des-pays-europeens-dans-des-centres-pour-les-grands-brules-indique-le-president-du-canton-de-valais_VN-202601020375.html\" title=\"Suisse: &quot;Une cinquantaine de bless\u00e9s ont \u00e9t\u00e9 transf\u00e9r\u00e9s, ou vont l&#039;\u00eatre, dans des pays europ\u00e9ens, dans des centres pour les grands br\u00fbl\u00e9s&quot;, indique le pr\u00e9sident du canton de Valais \" target=\"_blank\" rel=\"noopener\"><img width=\"16\" height=\"9\" class=\"lozad\"  alt=\"Suisse: &quot;Une cinquantaine de bless\u00e9s ont \u00e9t\u00e9 transf\u00e9r\u00e9s, ou vont l'\u00eatre, dans des pays europ\u00e9ens, dans des centres pour les grands br\u00fbl\u00e9s&quot;, indique le pr\u00e9sident du canton de Valais \"\/>1:20Suisse: \u00ab\u00a0Une cinquantaine de bless\u00e9s ont \u00e9t\u00e9 transf\u00e9r\u00e9s, ou vont l&rsquo;\u00eatre, dans des pays europ\u00e9ens, dans des centres pour les grands br\u00fbl\u00e9s\u00a0\u00bb, indique le pr\u00e9sident du canton de Valais<\/a><a href=\"https:\/\/www.bfmtv.com\/international\/europe\/suisse\/video-incendie-en-suisse-nos-equipes-font-depuis-les-premieres-minutes-le-maximum-assure-le-president-du-canton-de-valais_VN-202601020373.html\" title=\"Incendie en Suisse: &quot;Nos \u00e9quipes font, depuis les premi\u00e8res minutes, le maximum&quot;, assure le pr\u00e9sident du canton de Valais \" target=\"_blank\" rel=\"noopener\"><img width=\"16\" height=\"9\" class=\"lozad\"  alt=\"Incendie en Suisse: &quot;Nos \u00e9quipes font, depuis les premi\u00e8res minutes, le maximum&quot;, assure le pr\u00e9sident du canton de Valais \"\/>1:58Incendie en Suisse: \u00ab\u00a0Nos \u00e9quipes font, depuis les premi\u00e8res minutes, le maximum\u00a0\u00bb, assure le pr\u00e9sident du canton de Valais<\/a><a href=\"https:\/\/www.bfmtv.com\/international\/europe\/suisse\/video-crans-montana-l-identification-des-victimes-de-l-incendie-est-une-question-de-jours-declare-stephane-ganzer-conseiller-d-etat-du-valais_VN-202601020367.html\" title=\"Crans-Montana: l&#039;identification des victimes de l&#039;incendie est une question &quot;de jours&quot;, d\u00e9clare St\u00e9phane Ganzer, conseiller d&#039;\u00c9tat du Valais&quot;\" target=\"_blank\" rel=\"noopener\"><img width=\"16\" height=\"9\" class=\"lozad\"  alt=\"Crans-Montana: l'identification des victimes de l'incendie est une question &quot;de jours&quot;, d\u00e9clare St\u00e9phane Ganzer, conseiller d'\u00c9tat du Valais&quot;\"\/>0:24Crans-Montana: l&rsquo;identification des victimes de l&rsquo;incendie est une question \u00ab\u00a0de jours\u00a0\u00bb, d\u00e9clare St\u00e9phane Ganzer, conseiller d&rsquo;\u00c9tat du Valais\u00a0\u00bb<\/a><a href=\"https:\/\/www.bfmtv.com\/international\/europe\/suisse\/video-incendie-en-suisse-on-retrouve-les-memes-similitudes-explique-le-pere-d-un-enfant-decede-au-bar-du-cuba-libre-a-rouen-en-2016_VN-202601020361.html\" title=\"Incendie en Suisse: &quot;On retrouve les m\u00eames similitudes&quot;, explique le p\u00e8re d&#039;un enfant d\u00e9c\u00e9d\u00e9 au bar du Cuba Libre \u00e0 Rouen en 2016\" target=\"_blank\" rel=\"noopener\"><img width=\"16\" height=\"9\" class=\"lozad\"  alt=\"Incendie en Suisse: &quot;On retrouve les m\u00eames similitudes&quot;, explique le p\u00e8re d'un enfant d\u00e9c\u00e9d\u00e9 au bar du Cuba Libre \u00e0 Rouen en 2016\"\/>en lectureIncendie en Suisse: \u00ab\u00a0On retrouve les m\u00eames similitudes\u00a0\u00bb, explique le p\u00e8re d&rsquo;un enfant d\u00e9c\u00e9d\u00e9 au bar du Cuba Libre \u00e0 Rouen en 2016<\/a><a href=\"https:\/\/www.bfmtv.com\/international\/europe\/suisse\/video-j-ai-mis-une-bougie-pour-elle-le-temoignage-bouleversant-d-ariella-15-ans-qui-a-perdu-sa-meilleure-amie-dans-l-incendie-a-crans-montana_VN-202601020350.html\" title=\"&quot;J&#039;ai mis une bougie pour elle&quot;: le t\u00e9moignage bouleversant d&#039;Ariella, 15 ans, qui a perdu sa meilleure amie dans l&#039;incendie \u00e0 Crans-Montana\" target=\"_blank\" rel=\"noopener\"><img width=\"16\" height=\"9\" class=\"lozad\"  alt=\"&quot;J'ai mis une bougie pour elle&quot;: le t\u00e9moignage bouleversant d'Ariella, 15 ans, qui a perdu sa meilleure amie dans l'incendie \u00e0 Crans-Montana\"\/>2:21&Prime;J&rsquo;ai mis une bougie pour elle\u00a0\u00bb: le t\u00e9moignage bouleversant d&rsquo;Ariella, 15 ans, qui a perdu sa meilleure amie dans l&rsquo;incendie \u00e0 Crans-Montana<\/a><a href=\"https:\/\/www.bfmtv.com\/international\/europe\/suisse\/video-incendie-en-suisse-ils-etaient-dans-le-fumoir-c-est-l-endroit-le-plus-loin-de-la-sortie-explique-tilia-a-la-recherche-d-un-ami-qui-etait-dans-le-bar_VN-202601020348.html\" title=\"Incendie en Suisse: &quot;Ils \u00e9taient dans le fumoir, c&#039;est l&#039;endroit le plus loin&quot; de la sortie, explique Tilia, \u00e0 la recherche d&#039;un ami qui \u00e9tait dans le bar\" target=\"_blank\" rel=\"noopener\"><img width=\"16\" height=\"9\" class=\"lozad\"  alt=\"Incendie en Suisse: &quot;Ils \u00e9taient dans le fumoir, c'est l'endroit le plus loin&quot; de la sortie, explique Tilia, \u00e0 la recherche d'un ami qui \u00e9tait dans le bar\"\/>3:43Incendie en Suisse: \u00ab\u00a0Ils \u00e9taient dans le fumoir, c&rsquo;est l&rsquo;endroit le plus loin\u00a0\u00bb de la sortie, explique Tilia, \u00e0 la recherche d&rsquo;un ami qui \u00e9tait dans le bar<\/a><a href=\"https:\/\/www.bfmtv.com\/international\/europe\/suisse\/video-incendie-de-crans-montana-ce-sont-des-heures-terribles-pour-le-president-du-gouvernement-valaisan_VN-202601020346.html\" title=\"Incendie de Crans-Montana: &quot;ce sont des heures terribles&quot;, pour le pr\u00e9sident du gouvernement valaisan\" target=\"_blank\" rel=\"noopener\"><img width=\"16\" height=\"9\" class=\"lozad\"  alt=\"Incendie de Crans-Montana: &quot;ce sont des heures terribles&quot;, pour le pr\u00e9sident du gouvernement valaisan\"\/>1:19Incendie de Crans-Montana: \u00ab\u00a0ce sont des heures terribles\u00a0\u00bb, pour le pr\u00e9sident du gouvernement valaisan<\/a><a href=\"https:\/\/www.bfmtv.com\/international\/europe\/suisse\/video-c-est-un-desastre-le-ministre-des-affaires-etrangeres-italien-a-crans-montana_VN-202601020341.html\" title=\"&quot;C&#039;est un d\u00e9sastre&quot; : le ministre des Affaires \u00e9trang\u00e8res italien \u00e0 Crans-Montana\" target=\"_blank\" rel=\"noopener\"><img width=\"16\" height=\"9\" class=\"lozad\"  alt=\"&quot;C'est un d\u00e9sastre&quot; : le ministre des Affaires \u00e9trang\u00e8res italien \u00e0 Crans-Montana\"\/>0:45&Prime;C&rsquo;est un d\u00e9sastre\u00a0\u00bb : le ministre des Affaires \u00e9trang\u00e8res italien \u00e0 Crans-Montana<\/a><a href=\"https:\/\/www.bfmtv.com\/international\/europe\/suisse\/video-incendie-en-suisse-c-est-une-tragedie-deplore-ce-jeune-homme-qui-devait-feter-le-nouvel-an-dans-le-bar-de-crans-montana_VN-202601020342.html\" title=\"Incendie en Suisse: &quot;C&#039;est une trag\u00e9die&quot;, d\u00e9plore ce jeune homme qui devait f\u00eater le Nouvel An dans le bar de Crans-Montana\" target=\"_blank\" rel=\"noopener\"><img width=\"16\" height=\"9\" class=\"lozad\"  alt=\"Incendie en Suisse: &quot;C'est une trag\u00e9die&quot;, d\u00e9plore ce jeune homme qui devait f\u00eater le Nouvel An dans le bar de Crans-Montana\"\/>2:42Incendie en Suisse: \u00ab\u00a0C&rsquo;est une trag\u00e9die\u00a0\u00bb, d\u00e9plore ce jeune homme qui devait f\u00eater le Nouvel An dans le bar de Crans-Montana<\/a><a href=\"https:\/\/www.bfmtv.com\/international\/europe\/suisse\/video-identification-des-victimes-de-l-incendie-de-crans-montana-la-difficulte-est-de-retrouver-l-adn-des-proches-indique-la-medecin-legiste-caroline-rambaud_VN-202601020327.html\" title=\"Identification des victimes de l&#039;incendie de Crans-Montana: &quot;La difficult\u00e9 est de retrouver l&#039;ADN des proches&quot;, indique la m\u00e9decin l\u00e9giste Caroline Rambaud\" target=\"_blank\" rel=\"noopener\"><img width=\"16\" height=\"9\" class=\"lozad\"  alt=\"Identification des victimes de l'incendie de Crans-Montana: &quot;La difficult\u00e9 est de retrouver l'ADN des proches&quot;, indique la m\u00e9decin l\u00e9giste Caroline Rambaud\"\/>1:37Identification des victimes de l&rsquo;incendie de Crans-Montana: \u00ab\u00a0La difficult\u00e9 est de retrouver l&rsquo;ADN des proches\u00a0\u00bb, indique la m\u00e9decin l\u00e9giste Caroline Rambaud<\/a><a href=\"https:\/\/www.bfmtv.com\/international\/europe\/suisse\/video-une-dizaine-de-mes-amis-ne-sont-plus-la-le-recit-d-axel-present-dans-le-bar-au-moment-de-l-incendie_VN-202601020324.html\" title=\"&quot;Une dizaine de mes amis ne sont plus l\u00e0&quot;: le r\u00e9cit d&#039;Axel pr\u00e9sent dans le bar au moment de l&#039;incendie\" target=\"_blank\" rel=\"noopener\"><img width=\"16\" height=\"9\" class=\"lozad\"  alt=\"&quot;Une dizaine de mes amis ne sont plus l\u00e0&quot;: le r\u00e9cit d'Axel pr\u00e9sent dans le bar au moment de l'incendie\"\/>1:07&Prime;Une dizaine de mes amis ne sont plus l\u00e0\u00a0\u00bb: le r\u00e9cit d&rsquo;Axel pr\u00e9sent dans le bar au moment de l&rsquo;incendie<\/a><a href=\"https:\/\/www.bfmtv.com\/international\/europe\/suisse\/video-joueur-du-fc-metz-blesse-en-suisse-on-est-tres-choques-reagit-stephane-le-mignan-entraineur-du-club_VN-202601020318.html\" title=\"Joueur du FC Metz bless\u00e9 en Suisse: &quot;On est tr\u00e8s choqu\u00e9s&quot;, r\u00e9agit St\u00e9phane Le Mignan, entra\u00eeneur du club\" target=\"_blank\" rel=\"noopener\"><img width=\"16\" height=\"9\" class=\"lozad\"  alt=\"Joueur du FC Metz bless\u00e9 en Suisse: &quot;On est tr\u00e8s choqu\u00e9s&quot;, r\u00e9agit St\u00e9phane Le Mignan, entra\u00eeneur du club\"\/>1:26Joueur du FC Metz bless\u00e9 en Suisse: \u00ab\u00a0On est tr\u00e8s choqu\u00e9s\u00a0\u00bb, r\u00e9agit St\u00e9phane Le Mignan, entra\u00eeneur du club<\/a><a class=\"jumpToVideo\" target=\"_blank\"><img class=\"thumbnailPreview\"\/><\/a><\/p>\n","protected":false},"excerpt":{"rendered":"Incendie en Suisse: \u00ab\u00a0On retrouve les m\u00eames similitudes\u00a0\u00bb, explique le p\u00e8re d&rsquo;un enfant d\u00e9c\u00e9d\u00e9 au bar du Cuba&hellip;\n","protected":false},"author":2,"featured_media":636578,"comment_status":"","ping_status":"","sticky":false,"template":"","format":"standard","meta":{"footnotes":""},"categories":[9587],"tags":[1111,11,1777,674,1011,27,12,5161,25,9590],"class_list":{"0":"post-636577","1":"post","2":"type-post","3":"status-publish","4":"format-standard","5":"has-post-thumbnail","7":"category-rouen","8":"tag-actu","9":"tag-actualites","10":"tag-eu","11":"tag-europe","12":"tag-fr","13":"tag-france","14":"tag-news","15":"tag-normandie","16":"tag-republique-francaise","17":"tag-rouen"},"share_on_mastodon":{"url":"https:\/\/pubeurope.com\/@fr\/115826574225870899","error":""},"_links":{"self":[{"href":"https:\/\/www.europesays.com\/fr\/wp-json\/wp\/v2\/posts\/636577","targetHints":{"allow":["GET"]}}],"collection":[{"href":"https:\/\/www.europesays.com\/fr\/wp-json\/wp\/v2\/posts"}],"about":[{"href":"https:\/\/www.europesays.com\/fr\/wp-json\/wp\/v2\/types\/post"}],"author":[{"embeddable":true,"href":"https:\/\/www.europesays.com\/fr\/wp-json\/wp\/v2\/users\/2"}],"replies":[{"embeddable":true,"href":"https:\/\/www.europesays.com\/fr\/wp-json\/wp\/v2\/comments?post=636577"}],"version-history":[{"count":0,"href":"https:\/\/www.europesays.com\/fr\/wp-json\/wp\/v2\/posts\/636577\/revisions"}],"wp:featuredmedia":[{"embeddable":true,"href":"https:\/\/www.europesays.com\/fr\/wp-json\/wp\/v2\/media\/636578"}],"wp:attachment":[{"href":"https:\/\/www.europesays.com\/fr\/wp-json\/wp\/v2\/media?parent=636577"}],"wp:term":[{"taxonomy":"category","embeddable":true,"href":"https:\/\/www.europesays.com\/fr\/wp-json\/wp\/v2\/categories?post=636577"},{"taxonomy":"post_tag","embeddable":true,"href":"https:\/\/www.europesays.com\/fr\/wp-json\/wp\/v2\/tags?post=636577"}],"curies":[{"name":"wp","href":"https:\/\/api.w.org\/{rel}","templated":true}]}}