{"id":636579,"date":"2026-01-02T17:00:11","date_gmt":"2026-01-02T17:00:11","guid":{"rendered":"https:\/\/www.europesays.com\/fr\/636579\/"},"modified":"2026-01-02T17:00:11","modified_gmt":"2026-01-02T17:00:11","slug":"faits-divers-grenoble-ecole-de-management-gem-victime-dune-cyberattaque","status":"publish","type":"post","link":"https:\/\/www.europesays.com\/fr\/636579\/","title":{"rendered":"Faits-divers. Grenoble \u00e9cole de management (GEM) victime d\u2019une cyberattaque"},"content":{"rendered":"<p>Pas de tr\u00eave hivernale pour les pirates informatiques, qui semblent avoir trouv\u00e9 une nouvelle cible. Cette fois, c\u2019est l\u2019enseignement sup\u00e9rieur fran\u00e7ais qui est vis\u00e9, notamment Grenoble \u00e9cole de management (GEM). Une premi\u00e8re alerte a \u00e9t\u00e9 d\u00e9tect\u00e9e le 29\u00a0d\u00e9cembre sur BreachForums, une plateforme o\u00f9 se retrouvent les donn\u00e9es des sites cyberattaqu\u00e9s. Un individu y affirmait avoir infiltr\u00e9 les syst\u00e8mes de Grenoble \u00c9cole de Management (GEM), en novembre dernier, et \u00eatre en possession d\u2019informations sur plus de 400\u00a0000 personnes. L\u2019\u00e9tablissement scolaire accueillant pr\u00e8s de 7\u00a0000 \u00e9tudiants s\u2019est exprim\u00e9 \u00e0 ce sujet sur son <a href=\"https:\/\/www.grenoble-em.com\/actualites\/information-relative-a-la-securite-de-vos-donnees\" target=\"_blank\" rel=\"noopener\">site internet<\/a> \u00a0: \u00ab\u00a0\u00c0 ce stade, les \u00e9l\u00e9ments analys\u00e9s concernent des donn\u00e9es personnelles limit\u00e9es de nos communaut\u00e9s, telles que des informations d\u2019identification et de contact. Aucune information sensible, de type mot de passe ou donn\u00e9e bancaire, n\u2019a \u00e9t\u00e9 compromise. Conform\u00e9ment \u00e0 nos obligations r\u00e9glementaires, les d\u00e9marches n\u00e9cessaires ont \u00e9t\u00e9 engag\u00e9es aupr\u00e8s des autorit\u00e9s comp\u00e9tentes (CNIL et ANSSI), et les personnes concern\u00e9es sont inform\u00e9es directement\u00a0\u00bb.<\/p>\n","protected":false},"excerpt":{"rendered":"Pas de tr\u00eave hivernale pour les pirates informatiques, qui semblent avoir trouv\u00e9 une nouvelle cible. Cette fois, c\u2019est&hellip;\n","protected":false},"author":2,"featured_media":636580,"comment_status":"","ping_status":"","sticky":false,"template":"","format":"standard","meta":{"footnotes":""},"categories":[9566],"tags":[1111,11,2430,112,1057,4854,1777,674,274,1011,27,2731,2732,108,12,25],"class_list":{"0":"post-636579","1":"post","2":"type-post","3":"status-publish","4":"format-standard","5":"has-post-thumbnail","7":"category-grenoble","8":"tag-actu","9":"tag-actualites","10":"tag-auvergne-rhone-alpes","11":"tag-edition-grenoble-agglomeration","12":"tag-education","13":"tag-enseignement-superieur","14":"tag-eu","15":"tag-europe","16":"tag-faits-divers-justice","17":"tag-fr","18":"tag-france","19":"tag-grenoble","20":"tag-grenoble-bassin","21":"tag-isere","22":"tag-news","23":"tag-republique-francaise"},"share_on_mastodon":{"url":"https:\/\/pubeurope.com\/@fr\/115826578212447580","error":""},"_links":{"self":[{"href":"https:\/\/www.europesays.com\/fr\/wp-json\/wp\/v2\/posts\/636579","targetHints":{"allow":["GET"]}}],"collection":[{"href":"https:\/\/www.europesays.com\/fr\/wp-json\/wp\/v2\/posts"}],"about":[{"href":"https:\/\/www.europesays.com\/fr\/wp-json\/wp\/v2\/types\/post"}],"author":[{"embeddable":true,"href":"https:\/\/www.europesays.com\/fr\/wp-json\/wp\/v2\/users\/2"}],"replies":[{"embeddable":true,"href":"https:\/\/www.europesays.com\/fr\/wp-json\/wp\/v2\/comments?post=636579"}],"version-history":[{"count":0,"href":"https:\/\/www.europesays.com\/fr\/wp-json\/wp\/v2\/posts\/636579\/revisions"}],"wp:featuredmedia":[{"embeddable":true,"href":"https:\/\/www.europesays.com\/fr\/wp-json\/wp\/v2\/media\/636580"}],"wp:attachment":[{"href":"https:\/\/www.europesays.com\/fr\/wp-json\/wp\/v2\/media?parent=636579"}],"wp:term":[{"taxonomy":"category","embeddable":true,"href":"https:\/\/www.europesays.com\/fr\/wp-json\/wp\/v2\/categories?post=636579"},{"taxonomy":"post_tag","embeddable":true,"href":"https:\/\/www.europesays.com\/fr\/wp-json\/wp\/v2\/tags?post=636579"}],"curies":[{"name":"wp","href":"https:\/\/api.w.org\/{rel}","templated":true}]}}