{"id":636581,"date":"2026-01-02T17:01:12","date_gmt":"2026-01-02T17:01:12","guid":{"rendered":"https:\/\/www.europesays.com\/fr\/636581\/"},"modified":"2026-01-02T17:01:12","modified_gmt":"2026-01-02T17:01:12","slug":"ils-sont-dans-la-survie-le-quotidien-des-sans-abri-pendant-lhiver-a-grenoble","status":"publish","type":"post","link":"https:\/\/www.europesays.com\/fr\/636581\/","title":{"rendered":"\u00ab\u00a0Ils sont dans la survie\u00a0\u00bb, le quotidien des sans-abri pendant l&rsquo;hiver \u00e0 Grenoble"},"content":{"rendered":"<p class=\"article__intro\">Depuis le mercredi 31 d\u00e9cembre, des places d&rsquo;h\u00e9bergement suppl\u00e9mentaires ont \u00e9t\u00e9 ouvertes dans un gymnase \u00e0 Grenoble. \u00c0 la suite du d\u00e9clenchement du plan grand froid, les associations se d\u00e9m\u00e8nent pour accueillir les sans-abri.<\/p>\n<p>\n      La Quotidienne Soci\u00e9t\u00e9\n    <\/p>\n<p>\n      De la vie quotidienne aux grands enjeux, recevez tous les jours les sujets qui font la soci\u00e9t\u00e9 locale, comme la justice, l\u2019\u00e9ducation, la sant\u00e9 et la famille.\n    <\/p>\n<p>    France T\u00e9l\u00e9visions utilise votre adresse e-mail afin de vous envoyer la newsletter \u00ab\u00a0La Quotidienne Soci\u00e9t\u00e9\u00a0\u00bb. Vous pouvez vous d\u00e9sinscrire \u00e0 tout moment via le lien en bas de cette newsletter. <a target=\"_blank\" href=\"https:\/\/www.francetelevisions.fr\/groupe\/confidentialite\/politique-de-confidentialite\/politique-de-confidentialite-de-france-televisions-6503\" rel=\"noopener\">Notre politique de confidentialit\u00e9<\/a><\/p>\n<p>D\u00e9buter 2026 au chaud et \u00e0 l&rsquo;abri. Une solution \u00ab\u00a0assez humaine\u00a0\u00bb v\u00e9cue par une soixantaine de sans-abri \u00e0 Grenoble. \u00c0 la suite du d\u00e9clenchement du <a href=\"https:\/\/france3-regions.franceinfo.fr\/auvergne-rhone-alpes\/isere\/le-plan-grand-froid-declenche-en-isere-de-nouvelles-places-d-hebergement-ouvertes-3274571.html\" target=\"_blank\" rel=\"noopener noreferrer nofollow\" data-tooltip-url=\"https:\/\/france3-regions.franceinfo.fr\/auvergne-rhone-alpes\/isere\/le-plan-grand-froid-declenche-en-isere-de-nouvelles-places-d-hebergement-ouvertes-3274571.html\">plan grand froid<\/a> par la pr\u00e9fecture de l&rsquo;Is\u00e8re, 80 places d&rsquo;h\u00e9bergement suppl\u00e9mentaires ont \u00e9t\u00e9 ouvertes dans le d\u00e9partement.<\/p>\n<p>Alors pour accueillir toutes les personnes dans le besoin, l&rsquo;association Ajhiralp a d\u00fb rappeler en urgence une quinzaine de ses membres, b\u00e9n\u00e9voles et salari\u00e9s, pendant les f\u00eates. \u00c0 Grenoble, il a fallu monter 60 lits de camp dans un gymnase pr\u00eat\u00e9 par la Ville et pr\u00e9parer des kits d&rsquo;hygi\u00e8ne. \u00ab\u00a0Les gens \u00e0 la rue n&rsquo;attendent pas\u00a0\u00bb, justifie Jean-Yves Balestas, pr\u00e9sident de l&rsquo;Ajhiralp.<\/p>\n<p>D\u00e8s 18 heures, ce lieu d&rsquo;accueil de nuit temporaire est op\u00e9rationnel. Familles, hommes et femmes sont les bienvenus pour passer la nuit au chaud. Un dispositif salu\u00e9 par une sans-abri isol\u00e9e qui remercie les services de l&rsquo;Etat et les associations de lui permettre de \u00ab\u00a0ne pas \u00eatre expos\u00e9e aux risques de la rue\u00a0\u00bb en dormant dans ce gymnase en toute \u00ab\u00a0s\u00e9curit\u00e9\u00a0\u00bb.<\/p>\n<p>Apr\u00e8s avoir pass\u00e9 son r\u00e9veillon du Nouvel an \u00e0 l&rsquo;abri, cette jeune albanaise esp\u00e8re que cette op\u00e9ration sera \u00ab\u00a0renouvel\u00e9e\u00a0\u00bb prochainement.<\/p>\n<p>Accueillis le temps de la nuit, les sans-abri doivent chaque matin retourner dans la rue o\u00f9 d&rsquo;autres ont choisi de rester m\u00eame par -5 degr\u00e9s. Alors pour leur apporter un peu de r\u00e9confort, les maraudes se multiplient avant l&rsquo;heure du coucher. \u00ab\u00a0Depuis que tu m&rsquo;as caress\u00e9 \u00e7a va beaucoup mieux\u00a0!\u00a0\u00bb, s&rsquo;exclame un sans-abri bless\u00e9 au doigt, qui ne perd pas son sens de l&rsquo;humour \u00e0 l&rsquo;arriv\u00e9e d&rsquo;une infirmi\u00e8re et d&rsquo;un coordinateur du Samu social de l&rsquo;Is\u00e8re.<\/p>\n<p>Malgr\u00e9 ce lien social toujours bien pr\u00e9sent, le groupe de sans-abri a refus\u00e9 de se rendre au gymnase ouvert en cette p\u00e9riode de grand froid. \u00ab\u00a0On s&rsquo;adapte. [&#8230;] On a les couvertures, on a les chiens, \u00e7a tient chaud\u00a0\u00bb, explique Flo.<\/p>\n<p><a data-article-figure=\"\" href=\"https:\/\/france3-regions.franceinfo.fr\/image\/qKHK58gMMpOPvPIGd0LzcLZR_C4\/1920x1080\/regions\/2026\/01\/02\/38-accueil-dans-un-gymnase-et-maraude-plan-grand-froid-grenoble-00-02-29-03-6957ae06bffad929646058.jpg\" data-pswp-width=\"1920\" data-pswp-height=\"1080\" target=\"_blank\" rel=\"noopener\"><\/p>\n<p>          <img width=\"600\" height=\"400\" class=\"article-image lazy\" data-src=\"https:\/\/www.europesays.com\/fr\/wp-content\/uploads\/2026\/01\/38-accueil-dans-un-gymnase-et-maraude-plan-grand-froid-grenoble-00-02-29-03-6957ae06bffad929646058.j.webp\" alt=\"Le Samu social de l'Is\u00e8re assure des maraudes 6 jours sur 7.\" fetchpriority=\"high\" as=\"image\"\/><\/p>\n<p>\n            Le Samu social de l&rsquo;Is\u00e8re assure des maraudes 6 jours sur 7.<br \/>\n                           \u2022<br \/>\n                                      \u00a9 FTV\n                      <\/p>\n<p><\/a><\/p>\n<p>Durant leur maraude, les b\u00e9n\u00e9voles expliquent croiser en grande majorit\u00e9 des hommes isol\u00e9s dans les rues. \u00ab\u00a0Se remettre entre quatre murs, dans un environnement qui est forc\u00e9ment tr\u00e8s r\u00e9gul\u00e9 de par la promiscuit\u00e9, c&rsquo;est quelque chose qui peut leur faire vraiment violence. On essaye de le travailler avec eux. [&#8230;] Quand on a pass\u00e9 des ann\u00e9es \u00e0 la rue, c&rsquo;est une perspective qui peut effrayer\u00a0\u00bb, raconte Thomas Thoirain, coordinateur du Samu social 38.<\/p>\n<p>Dans les prochains jours, les pr\u00e9visions m\u00e9t\u00e9o annoncent des temp\u00e9ratures encore baisse. Le plan grand froid devrait donc rester activ\u00e9 encore quelque temps. Mais \u00e0 l&rsquo;issue de celui-ci, des dizaines de sans-abri devront retourner dans la rue o\u00f9 \u00ab\u00a0ils sont dans la survie\u00a0\u00bb, s&rsquo;alarme Thomas Toirain.<\/p>\n","protected":false},"excerpt":{"rendered":"Depuis le mercredi 31 d\u00e9cembre, des places d&rsquo;h\u00e9bergement suppl\u00e9mentaires ont \u00e9t\u00e9 ouvertes dans un gymnase \u00e0 Grenoble. \u00c0&hellip;\n","protected":false},"author":2,"featured_media":636582,"comment_status":"","ping_status":"","sticky":false,"template":"","format":"standard","meta":{"footnotes":""},"categories":[9566],"tags":[1111,11,2430,1777,674,1011,27,2731,12,25],"class_list":{"0":"post-636581","1":"post","2":"type-post","3":"status-publish","4":"format-standard","5":"has-post-thumbnail","7":"category-grenoble","8":"tag-actu","9":"tag-actualites","10":"tag-auvergne-rhone-alpes","11":"tag-eu","12":"tag-europe","13":"tag-fr","14":"tag-france","15":"tag-grenoble","16":"tag-news","17":"tag-republique-francaise"},"share_on_mastodon":{"url":"https:\/\/pubeurope.com\/@fr\/115826582013290719","error":""},"_links":{"self":[{"href":"https:\/\/www.europesays.com\/fr\/wp-json\/wp\/v2\/posts\/636581","targetHints":{"allow":["GET"]}}],"collection":[{"href":"https:\/\/www.europesays.com\/fr\/wp-json\/wp\/v2\/posts"}],"about":[{"href":"https:\/\/www.europesays.com\/fr\/wp-json\/wp\/v2\/types\/post"}],"author":[{"embeddable":true,"href":"https:\/\/www.europesays.com\/fr\/wp-json\/wp\/v2\/users\/2"}],"replies":[{"embeddable":true,"href":"https:\/\/www.europesays.com\/fr\/wp-json\/wp\/v2\/comments?post=636581"}],"version-history":[{"count":0,"href":"https:\/\/www.europesays.com\/fr\/wp-json\/wp\/v2\/posts\/636581\/revisions"}],"wp:featuredmedia":[{"embeddable":true,"href":"https:\/\/www.europesays.com\/fr\/wp-json\/wp\/v2\/media\/636582"}],"wp:attachment":[{"href":"https:\/\/www.europesays.com\/fr\/wp-json\/wp\/v2\/media?parent=636581"}],"wp:term":[{"taxonomy":"category","embeddable":true,"href":"https:\/\/www.europesays.com\/fr\/wp-json\/wp\/v2\/categories?post=636581"},{"taxonomy":"post_tag","embeddable":true,"href":"https:\/\/www.europesays.com\/fr\/wp-json\/wp\/v2\/tags?post=636581"}],"curies":[{"name":"wp","href":"https:\/\/api.w.org\/{rel}","templated":true}]}}