{"id":636587,"date":"2026-01-02T17:06:12","date_gmt":"2026-01-02T17:06:12","guid":{"rendered":"https:\/\/www.europesays.com\/fr\/636587\/"},"modified":"2026-01-02T17:06:12","modified_gmt":"2026-01-02T17:06:12","slug":"liam-rosenior-flou-sur-son-avenir-a-strasbourg-2","status":"publish","type":"post","link":"https:\/\/www.europesays.com\/fr\/636587\/","title":{"rendered":"Liam Rosenior flou sur son avenir \u00e0 Strasbourg"},"content":{"rendered":"<p>Pas de quoi rassurer les supporters strasbourgeois. A la veille du match face \u00e0 Nice, l&rsquo;entra\u00eeneur <a href=\"https:\/\/www.ledauphine.com\/p\/liam-rosenior\" target=\"_blank\" rel=\"noopener\">Liam Rosenior<\/a> s&rsquo;est exprim\u00e9 sur les rumeurs quant \u00e0 son avenir.<\/p>\n<p>Apr\u00e8s l&rsquo;annonce du <a href=\"https:\/\/www.ledauphine.com\/sport\/2026\/01\/01\/enzo-maresca-n-est-plus-l-entraineur-de-chelsea\" target=\"_blank\" rel=\"noopener\">d\u00e9part de l&rsquo;entra\u00eeneur de Chelsea Enzo Maresca<\/a>, le nom du coach anglais revient avec insistance pour s&rsquo;installer sur le banc des Blues. Il faut dire que le club strasbourgeois est d\u00e9tenu par BlueCo, le m\u00eame propri\u00e9taire que Chelsea.<\/p>\n<p>Des \u00ab\u00a0\u00e9changes\u00a0\u00bb avec Chelsea<\/p>\n<p>\u00ab Dans la vie, il y a z\u00e9ro garantie. On ne sait pas de quoi sera fait demain. Moi, je fais mon travail\u00a0\u00bb, a d&rsquo;abord dit Liam Rosenior en conf\u00e9rence de presse comme le rapportent les <a href=\"https:\/\/www.dna.fr\/sport\/2026\/01\/02\/racing-club-de-strasbourg-ou-chelsea-suivez-en-direct-la-conference-de-presse-de-liam-rosenior\" target=\"_blank\" rel=\"noopener\">Derni\u00e8res Nouvelles d&rsquo;Alsace.<\/a> \u00ab\u00a0Je ne veux pas garantir la dur\u00e9e pendant laquelle je serai ici mais je prends du plaisir ici tous les jours. Je compte continuer \u00e0 le faire tant que je serai ici. J&rsquo;aime ce club mais je ne peux rien garantir. Personne ne peut le faire\u00a0\u00bb, a-t-il ajout\u00e9.\u00a0<\/p>\n<p>\u00a0\u00ab\u00a0La r\u00e9alit\u00e9 aujourd&rsquo;hui, c&rsquo;est que je suis le manager de Strasbourg et que je suis concentr\u00e9 sur mon poste \u00bb, a aussi d\u00e9clar\u00e9 le coach strasbourgeois.\u00a0\u00ab Je pourrais dire que je vais rester ici des ann\u00e9es puis me faire virer\u00a0\u00bb, a-t-il lanc\u00e9 de fa\u00e7on lucide. Rosenior n&rsquo;a d&rsquo;ailleurs pas ni\u00e9 les contacts avec Chelsea \u00e9voquant des \u00ab\u00a0\u00e9changes\u00a0\u00bb.<\/p>\n<p><strong>&gt; Revivre la conf\u00e9rence de presse sur les <a href=\"https:\/\/www.dna.fr\/sport\/2026\/01\/02\/racing-club-de-strasbourg-ou-chelsea-suivez-en-direct-la-conference-de-presse-de-liam-rosenior\" target=\"_blank\" rel=\"noopener\">Derni\u00e8res Nouvelles d&rsquo;Alsace<\/a><\/strong><\/p>\n","protected":false},"excerpt":{"rendered":"Pas de quoi rassurer les supporters strasbourgeois. A la veille du match face \u00e0 Nice, l&rsquo;entra\u00eeneur Liam Rosenior&hellip;\n","protected":false},"author":2,"featured_media":636586,"comment_status":"","ping_status":"","sticky":false,"template":"","format":"standard","meta":{"footnotes":""},"categories":[2820],"tags":[1111,11,1777,674,107,1701,63,1011,27,775,7020,12,25,517,1947,640],"class_list":{"0":"post-636587","1":"post","2":"type-post","3":"status-publish","4":"format-standard","5":"has-post-thumbnail","7":"category-strasbourg","8":"tag-actu","9":"tag-actualites","10":"tag-eu","11":"tag-europe","12":"tag-fil-info","13":"tag-fil-info-sport","14":"tag-football","15":"tag-fr","16":"tag-france","17":"tag-grand-est","18":"tag-ligue-1-football","19":"tag-news","20":"tag-republique-francaise","21":"tag-sport","22":"tag-sport-national","23":"tag-strasbourg"},"share_on_mastodon":{"url":"https:\/\/pubeurope.com\/@fr\/115826601763253551","error":""},"_links":{"self":[{"href":"https:\/\/www.europesays.com\/fr\/wp-json\/wp\/v2\/posts\/636587","targetHints":{"allow":["GET"]}}],"collection":[{"href":"https:\/\/www.europesays.com\/fr\/wp-json\/wp\/v2\/posts"}],"about":[{"href":"https:\/\/www.europesays.com\/fr\/wp-json\/wp\/v2\/types\/post"}],"author":[{"embeddable":true,"href":"https:\/\/www.europesays.com\/fr\/wp-json\/wp\/v2\/users\/2"}],"replies":[{"embeddable":true,"href":"https:\/\/www.europesays.com\/fr\/wp-json\/wp\/v2\/comments?post=636587"}],"version-history":[{"count":0,"href":"https:\/\/www.europesays.com\/fr\/wp-json\/wp\/v2\/posts\/636587\/revisions"}],"wp:featuredmedia":[{"embeddable":true,"href":"https:\/\/www.europesays.com\/fr\/wp-json\/wp\/v2\/media\/636586"}],"wp:attachment":[{"href":"https:\/\/www.europesays.com\/fr\/wp-json\/wp\/v2\/media?parent=636587"}],"wp:term":[{"taxonomy":"category","embeddable":true,"href":"https:\/\/www.europesays.com\/fr\/wp-json\/wp\/v2\/categories?post=636587"},{"taxonomy":"post_tag","embeddable":true,"href":"https:\/\/www.europesays.com\/fr\/wp-json\/wp\/v2\/tags?post=636587"}],"curies":[{"name":"wp","href":"https:\/\/api.w.org\/{rel}","templated":true}]}}