{"id":63659,"date":"2025-04-30T06:07:09","date_gmt":"2025-04-30T06:07:09","guid":{"rendered":"https:\/\/www.europesays.com\/fr\/63659\/"},"modified":"2025-04-30T06:07:09","modified_gmt":"2025-04-30T06:07:09","slug":"guerre-en-ukraine-washington-menace-de-jeter-leponge-face-a-moscou-et-kiev","status":"publish","type":"post","link":"https:\/\/www.europesays.com\/fr\/63659\/","title":{"rendered":"Guerre en Ukraine: Washington menace de jeter l&rsquo;\u00e9ponge face \u00e0 Moscou et Kiev"},"content":{"rendered":"<p>Le pr\u00e9sident ukrainien Volodymyr Zelensky a lui appel\u00e9 \u00e0 ne faire \u00ab\u00a0cadeau\u00a0\u00bb d&rsquo;aucun territoire \u00e0 son homologue russe Vladimir Poutine, alors que la reconnaissance de r\u00e9gions occup\u00e9es par Moscou semble \u00eatre envisag\u00e9e par Washington.<\/p>\n<p>\u00ab\u00a0Nous sommes arriv\u00e9s \u00e0 un moment o\u00f9 les deux parties doivent faire des propositions concr\u00e8tes pour mettre fin \u00e0 ce conflit\u00a0\u00bb, a affirm\u00e9 \u00e0 la presse la porte-parole du d\u00e9partement d&rsquo;Etat, Tammy Bruce, disant lire un message de son patron Marco Rubio.<\/p>\n<p>\u00ab\u00a0S&rsquo;il n&rsquo;y a pas de progr\u00e8s, nous nous retirerons en tant que m\u00e9diateurs dans ce processus\u00a0\u00bb, a-t-elle ajout\u00e9.<\/p>\n<p>Le pr\u00e9sident Donald Trump a quant \u00e0 lui estim\u00e9 mardi que le pr\u00e9sident russe Vladimir Poutine voulait la paix. \u00ab\u00a0Je pense que son r\u00eave \u00e9tait de s&#8217;emparer de tout le pays\u00a0\u00bb, mais \u00ab\u00a0\u00e0 cause de moi, il ne va pas le faire\u00a0\u00bb, a d\u00e9clar\u00e9 le r\u00e9publicain sur la cha\u00eene ABC.<\/p>\n<p>\u00ab\u00a0Je pense qu&rsquo;il le veut\u00a0\u00bb, a r\u00e9pondu Trump \u00e0 un journaliste d&rsquo;ABC qui lui demandait s&rsquo;il pensait que Poutine souhaitait mettre un terme au conflit.<\/p>\n<p>Le secr\u00e9taire d&rsquo;Etat am\u00e9ricain avait jug\u00e9 dimanche que les n\u00e9gociations sur l&rsquo;Ukraine entraient dans une \u00ab\u00a0semaine cruciale\u00a0\u00bb.<\/p>\n<p>Il a d\u00e9j\u00e0, \u00e0 plusieurs reprises, sugg\u00e9r\u00e9 que les Etats-Unis pourraient se d\u00e9sengager faute d&rsquo;accord, mais en parlant explicitement de la fin de la m\u00e9diation am\u00e9ricaine, le message se durcit tr\u00e8s visiblement.<\/p>\n<p>Donald Trump appelle Kiev et Moscou \u00e0 conclure un cessez-le-feu et un accord de paix, trois ans apr\u00e8s le d\u00e9but de l&rsquo;offensive russe ayant fait des dizaines de milliers de morts civils et militaires.<\/p>\n<p>Depuis son retour au pouvoir, il s&rsquo;est rapproch\u00e9 de Vladimir Poutine, a initi\u00e9 des n\u00e9gociations s\u00e9par\u00e9es avec les Russes et les Ukrainiens, rencontr\u00e9 en t\u00eate-\u00e0-t\u00eate samedi au Vatican le pr\u00e9sident ukrainien et d\u00e9p\u00each\u00e9 plusieurs fois son \u00e9missaire Steve Witkoff en Russie.<\/p>\n<p>              <img ci-src=\"https:\/\/www.nicematin.com\/conflits\/afp\/dd5e9e21d7f4c81a804d4fc68d4ef5e797c87e2e-80XD6zmf.jpg?vh=7062c7&amp;ci_seal=cc3be1f0c0\" alt=\"\"\/><br \/>\n        Des artificiers ukrainiens examinent les restes d&rsquo;une bombe russe FAB-500 rep\u00each\u00e9e dans la mer Noire pr\u00e8s d&rsquo;Odessa, le 29 avril 2025 <strong>AFP \/ Oleksandr GIMANOV.<\/strong> <\/p>\n<p>Le pr\u00e9sident russe a annonc\u00e9 lundi une tr\u00eave sur le front en Ukraine durant trois jours du 8 au 10 mai, \u00e0 l&rsquo;occasion de la comm\u00e9moration de la victoire sur l&rsquo;Allemagne nazie, mais M. Zelensky a d\u00e9nonc\u00e9 une \u00ab\u00a0tentative de manipulation\u00a0\u00bb.<\/p>\n<p>Les Etats-Unis ne veulent \u00ab\u00a0pas d&rsquo;un cessez-le-feu de trois jours pour pouvoir c\u00e9l\u00e9brer autre chose, mais un cessez-le-feu complet et durable et la fin du conflit\u00a0\u00bb, a martel\u00e9 Mme Bruce.<\/p>\n<p> \u00ab\u00a0Pas de cadeau\u00a0\u00bb <\/p>\n<p>L&rsquo;ambassadeur russe aux Nations unies, Vassili Nebenzia, a cherch\u00e9 \u00e0 bl\u00e2mer Zelensky et a d\u00e9clar\u00e9 que la Russie continuerait \u00e0 parler avec les Etats-Unis.<\/p>\n<p>Zelensky \u00ab\u00a0est d\u00e9termin\u00e9 \u00e0 intensifier le conflit. Il rejette imprudemment les propositions de paix \u00e9quilibr\u00e9es des Etats-Unis\u00a0\u00bb, a-t-il d\u00e9clar\u00e9 lors d&rsquo;une r\u00e9union du Conseil de s\u00e9curit\u00e9 de l&rsquo;ONU.<\/p>\n<p>              <img ci-src=\"https:\/\/www.nicematin.com\/conflits\/afp\/776df4079fe1cb78a7c7036f6c8d5b5dc445583c-8pM91QjH.jpg?vh=ea0b16&amp;ci_seal=7ad9aa78f5\" alt=\"\"\/><br \/>\n        R\u00e9union du Conseil de s\u00e9curit\u00e9 de l&rsquo;ONU sur l&rsquo;Ukraine, le 29 avril 2025 \u00e0 New York <strong>AFP \/ CHARLY TRIBALLEAU.<\/strong> <\/p>\n<p>Le repr\u00e9sentant am\u00e9ricain John Kelley a lui affirm\u00e9 que les Etats-Unis avaient pr\u00e9sent\u00e9 aux deux parties un cadre pour un accord de paix, et il a condamn\u00e9 les frappes russes en Ukraine. \u00ab\u00a0En ce moment, la Russie a une grande opportunit\u00e9 de parvenir \u00e0 une paix durable\u00a0\u00bb, a d\u00e9clar\u00e9 M. Kelley.<\/p>\n<p>Au moins une personne est morte et 39 autres ont \u00e9t\u00e9 bless\u00e9es dans des frappes russes sur les villes ukrainiennes de Dnipro (centre-est) et Kharkiv (nord-est), ont indiqu\u00e9 les autorit\u00e9s locales dans la nuit de mardi \u00e0 mercredi.<\/p>\n<p>Pour la s\u00e9natrice Jeanne Shaheen, principale d\u00e9mocrate de la commission des Affaires \u00e9trang\u00e8res du S\u00e9nat, \u00ab\u00a0le pr\u00e9sident Trump et son \u00e9quipe ont terriblement mal g\u00e9r\u00e9 ces n\u00e9gociations\u00a0\u00bb.<\/p>\n<p>\u00ab\u00a0Nous voulons tous que cette guerre se termine de mani\u00e8re \u00e9quitable, sans cadeau pour Poutine, et surtout pas des terres\u00a0\u00bb, a dit Zelensky lors d&rsquo;un sommet r\u00e9gional.<\/p>\n<p>              <img ci-src=\"https:\/\/www.nicematin.com\/conflits\/afp\/9827b472c62dda823bd5218164cede91ff2359bb-9oMlH1Ox.jpg?vh=199d12&amp;ci_seal=2d386db78b\" alt=\"\"\/><br \/>\n        Un immeuble d&rsquo;habitation d\u00e9truit par les bombardements \u00e0 Lyman, dans la r\u00e9gion ukrainienne de Donetsk, le 29 avril 2025 <strong>AFP \/ Genya SAVILOV.<\/strong> <\/p>\n<p>La Russie occupe partiellement quatre r\u00e9gions du sud et de l&rsquo;est de l&rsquo;Ukraine, dont elle a revendiqu\u00e9 l&rsquo;annexion en 2022: celles de Donetsk, Lougansk, Zaporijjia et Kherson.<\/p>\n<p>Elle a aussi annex\u00e9 en 2014 la p\u00e9ninsule ukrainienne de Crim\u00e9e.<\/p>\n<p>Le chef de la diplomatie russe, Sergue\u00ef Lavrov, a d\u00e9clar\u00e9 lundi que la reconnaissance internationale de ces annexions \u00e9tait une condition \u00ab\u00a0imp\u00e9rative\u00a0\u00bb pour la fin de la guerre en Ukraine, d\u00e9clench\u00e9e par l&rsquo;invasion russe de f\u00e9vrier 2022.<\/p>\n<p>L&rsquo;administration de Donald Trump envisage de reconna\u00eetre la Crim\u00e9e comme russe.<\/p>\n<p>Volodymyr Zelensky a r\u00e9p\u00e9t\u00e9 ces derniers jours qu&rsquo;une telle \u00e9ventualit\u00e9 serait inacceptable pour Kiev. Trump avait estim\u00e9 dimanche que la position du dirigeant ukrainien \u00e0 ce sujet pourrait changer.<\/p>\n<p>Dans son adresse quotidienne mardi, Zelensky a aussi appel\u00e9 une nouvelle fois la Russie \u00e0 accepter un cessez-le-feu \u00ab\u00a0inconditionnel et global\u00a0\u00bb de 30 jours.<\/p>\n","protected":false},"excerpt":{"rendered":"Le pr\u00e9sident ukrainien Volodymyr Zelensky a lui appel\u00e9 \u00e0 ne faire \u00ab\u00a0cadeau\u00a0\u00bb d&rsquo;aucun territoire \u00e0 son homologue russe&hellip;\n","protected":false},"author":2,"featured_media":63660,"comment_status":"","ping_status":"","sticky":false,"template":"","format":"standard","meta":{"footnotes":""},"categories":[1590],"tags":[11,10411,1777,674,12,220],"class_list":{"0":"post-63659","1":"post","2":"type-post","3":"status-publish","4":"format-standard","5":"has-post-thumbnail","7":"category-ukraine","8":"tag-actualites","9":"tag-conflits","10":"tag-eu","11":"tag-europe","12":"tag-news","13":"tag-ukraine"},"share_on_mastodon":{"url":"https:\/\/pubeurope.com\/@fr\/114425419797005637","error":""},"_links":{"self":[{"href":"https:\/\/www.europesays.com\/fr\/wp-json\/wp\/v2\/posts\/63659","targetHints":{"allow":["GET"]}}],"collection":[{"href":"https:\/\/www.europesays.com\/fr\/wp-json\/wp\/v2\/posts"}],"about":[{"href":"https:\/\/www.europesays.com\/fr\/wp-json\/wp\/v2\/types\/post"}],"author":[{"embeddable":true,"href":"https:\/\/www.europesays.com\/fr\/wp-json\/wp\/v2\/users\/2"}],"replies":[{"embeddable":true,"href":"https:\/\/www.europesays.com\/fr\/wp-json\/wp\/v2\/comments?post=63659"}],"version-history":[{"count":0,"href":"https:\/\/www.europesays.com\/fr\/wp-json\/wp\/v2\/posts\/63659\/revisions"}],"wp:featuredmedia":[{"embeddable":true,"href":"https:\/\/www.europesays.com\/fr\/wp-json\/wp\/v2\/media\/63660"}],"wp:attachment":[{"href":"https:\/\/www.europesays.com\/fr\/wp-json\/wp\/v2\/media?parent=63659"}],"wp:term":[{"taxonomy":"category","embeddable":true,"href":"https:\/\/www.europesays.com\/fr\/wp-json\/wp\/v2\/categories?post=63659"},{"taxonomy":"post_tag","embeddable":true,"href":"https:\/\/www.europesays.com\/fr\/wp-json\/wp\/v2\/tags?post=63659"}],"curies":[{"name":"wp","href":"https:\/\/api.w.org\/{rel}","templated":true}]}}