{"id":636590,"date":"2026-01-02T17:08:11","date_gmt":"2026-01-02T17:08:11","guid":{"rendered":"https:\/\/www.europesays.com\/fr\/636590\/"},"modified":"2026-01-02T17:08:11","modified_gmt":"2026-01-02T17:08:11","slug":"un-duel-fratricide-entre-christian-estrosi-et-eric-ciotti","status":"publish","type":"post","link":"https:\/\/www.europesays.com\/fr\/636590\/","title":{"rendered":"un duel fratricide entre Christian Estrosi et \u00c9ric Ciotti"},"content":{"rendered":"<p>      lire plus tard<\/p>\n<p id=\"dialog__title\" class=\"dialog__title\">Pour sauvegarder cet article, connectez-vous ou cr\u00e9ez un compte franceinfo<\/p>\n<p class=\"dialog__description\">Sans paiement. Sans abonnement.<\/p>\n<p>        Fermer la fen\u00eatre d\u2019activation des notifications France Info<\/p>\n<p>      cr\u00e9er votre compte<\/p>\n<p>      se connecter<\/p>\n<p>      :<\/p>\n<p>        Fermer la fen\u00eatre de pr\u00e9sentation<\/p>\n<p>    Publi\u00e9 le 02\/01\/2026 16:13<\/p>\n<p>      Mis \u00e0 jour le 02\/01\/2026 16:55<\/p>\n<p>        Temps de lecture : 2min &#8211; vid\u00e9o : 3min<\/p>\n<p>    <img decoding=\"async\" class=\"francetv-player-wrapper__image\" alt=\"En mati\u00e8re de politique, la France sera marqu\u00e9e en 2026 par les \u00e9lections municipales les 15 et 22 mars prochains. \u00c0 Nice (Alpes-Maritimes), la bataille a d\u00e9j\u00e0 commenc\u00e9 avec un duel fratricide entre Christian Estrosi, le maire sortant, et \u00c9ric Ciotti, d\u00e9put\u00e9 de l'Union des Droites pour la R\u00e9publique.\"  width=\"432\" height=\"243\" src=\"https:\/\/www.europesays.com\/fr\/wp-content\/uploads\/2026\/01\/estrosiciotti-6957dfe53c50a786512130.jpg\" fetchpriority=\"high\"\/><\/p>\n<p>              En mati\u00e8re de politique, la France sera marqu\u00e9e en 2026 par les \u00e9lections municipales les 15 et 22 mars prochains. \u00c0 Nice (Alpes-Maritimes), la bataille a d\u00e9j\u00e0 commenc\u00e9 avec un duel fratricide entre Christian Estrosi, le maire sortant, et \u00c9ric Ciotti, d\u00e9put\u00e9 de l&rsquo;Union des Droites pour la R\u00e9publique.<br \/>\n                    (France 2)<\/p>\n<p>      3min<\/p>\n<p>\n  En mati\u00e8re de politique, la France sera marqu\u00e9e en 2026 par les \u00e9lections municipales les 15 et 22 mars prochains. \u00c0 Nice (Alpes-Maritimes), la bataille a d\u00e9j\u00e0 d\u00e9but\u00e9 avec un duel fratricide entre Christian Estrosi, le maire sortant, et \u00c9ric Ciotti, d\u00e9put\u00e9 de l&rsquo;Union des Droites pour la R\u00e9publique.\n<\/p>\n<p><strong>Ce texte correspond \u00e0 une partie de la retranscription du reportage ci-dessus. Cliquez sur la vid\u00e9o pour la regarder dans son int\u00e9gralit\u00e9.<\/strong><\/p>\n<p>Ambiance glaciale\u2026 \u00c0 un m\u00e8tre l&rsquo;un de l&rsquo;autre, ils s&rsquo;\u00e9vitent soigneusement. Regard en chien de fa\u00efence, le duel explosif \u00e0 Nice, dans le d\u00e9partement des Alpes-Maritimes, a commenc\u00e9 entre <a href=\"https:\/\/france3-regions.franceinfo.fr\/provence-alpes-cote-d-azur\/alpes-maritimes\/nice\/christian-estrosi-eric-ciotti-des-allies-politiques-devenus-ennemis-et-un-combat-sans-merci-pour-la-mairie-de-nice-3207725.html\" target=\"_blank\" rel=\"noopener\">Christian Estrosi<\/a>, qui brigue un quatri\u00e8me mandat, et son ancien ami, d\u00e9sormais rival, le d\u00e9put\u00e9 \u00c9ric Ciotti, qui s&rsquo;est alli\u00e9 \u00e0 l&rsquo;extr\u00eame droite. \u00ab\u00a0Ce n&rsquo;est pas simple pour le maire sortant. Il avait l&rsquo;habitude de ne pas avoir vraiment d&rsquo;adversaires lors des trois derni\u00e8res campagnes, donc \u00e7a change un peu\u00a0\u00bb, constate \u00c9ric Ciotti.<\/p>\n<p>Autrefois complices, ils sont d\u00e9sormais ennemis. \u00ab\u00a0Chaque fois que je le croise, je le salue\u201d, r\u00e9torque Christian Estrosi. La poign\u00e9e de main n&rsquo;aura finalement pas lieu. Il faut dire que la campagne est rythm\u00e9e par les insultes, les coups bas et les attaques personnelles. \u201cC&rsquo;est compliqu\u00e9. Il y a des tensions, moi j&rsquo;ai le droit de le dire. Mais on va y arriver\u00a0\u00bb, observe Zara Boutayeb, artiste peintre.<\/p>\n<p>Chaque semaine, \u00c9ric Ciotti multiplie les annonces et, dans sa permanence, ses partisans s&rsquo;activent. Christian Estrosi, lui, se dit maire jusqu&rsquo;au bout et fait valoir son bilan. \u00ab\u00a0Les Ni\u00e7ois, vous savez, savent quelle est leur assurance-vie pour les ann\u00e9es \u00e0 venir et n&rsquo;ont pas envie d&rsquo;aventuriers\u00a0\u00bb, r\u00e9plique Christian Estrosi.<\/p>\n<p>Pour de nombreux habitants, Christian Estrosi a r\u00e9ussi \u00e0 transformer la ville. Mais aujourd&rsquo;hui, certains consid\u00e8rent qu&rsquo;il a fait son temps. Devant ce duel fratricide, il est difficile d&rsquo;exister pour la gauche. Les candidats rappellent que les noms de Christian Estrosi et d&rsquo;\u00c9ric Ciotti sont cit\u00e9s dans plusieurs enqu\u00eates judiciaires, notamment pour d\u00e9tournement de fonds publics.<\/p>\n<p>Fid\u00e8le \u00e0 sa ligne, la gauche veut parler \u00e0 ceux qui subissent la flamb\u00e9e des prix au quotidien. \u00ab\u00a0Les logements pour touristes, c&rsquo;est bien beau, mais \u00e7a exclut une partie des gens du coin et \u00e7a commence \u00e0 poser de s\u00e9rieux probl\u00e8mes\u00a0\u00bb, d\u00e9nonce Gilles Antonio, militant communiste.<\/p>\n<p>Si elle est au second tour, la gauche se maintiendra quoi qu&rsquo;il arrive. Mais elle a bien compris que la bataille pour la mairie de Nice se jouera \u00e0 droite toute, entre les deux fr\u00e8res ennemis.<\/p>\n","protected":false},"excerpt":{"rendered":"lire plus tard Pour sauvegarder cet article, connectez-vous ou cr\u00e9ez un compte franceinfo Sans paiement. Sans abonnement. Fermer&hellip;\n","protected":false},"author":2,"featured_media":636591,"comment_status":"","ping_status":"","sticky":false,"template":"","format":"standard","meta":{"footnotes":""},"categories":[2819],"tags":[1111,11,1777,674,1011,27,12,2401,882,25],"class_list":{"0":"post-636590","1":"post","2":"type-post","3":"status-publish","4":"format-standard","5":"has-post-thumbnail","7":"category-nice","8":"tag-actu","9":"tag-actualites","10":"tag-eu","11":"tag-europe","12":"tag-fr","13":"tag-france","14":"tag-news","15":"tag-nice","16":"tag-provence-alpes-cote-dazur","17":"tag-republique-francaise"},"share_on_mastodon":{"url":"https:\/\/pubeurope.com\/@fr\/115826609537692505","error":""},"_links":{"self":[{"href":"https:\/\/www.europesays.com\/fr\/wp-json\/wp\/v2\/posts\/636590","targetHints":{"allow":["GET"]}}],"collection":[{"href":"https:\/\/www.europesays.com\/fr\/wp-json\/wp\/v2\/posts"}],"about":[{"href":"https:\/\/www.europesays.com\/fr\/wp-json\/wp\/v2\/types\/post"}],"author":[{"embeddable":true,"href":"https:\/\/www.europesays.com\/fr\/wp-json\/wp\/v2\/users\/2"}],"replies":[{"embeddable":true,"href":"https:\/\/www.europesays.com\/fr\/wp-json\/wp\/v2\/comments?post=636590"}],"version-history":[{"count":0,"href":"https:\/\/www.europesays.com\/fr\/wp-json\/wp\/v2\/posts\/636590\/revisions"}],"wp:featuredmedia":[{"embeddable":true,"href":"https:\/\/www.europesays.com\/fr\/wp-json\/wp\/v2\/media\/636591"}],"wp:attachment":[{"href":"https:\/\/www.europesays.com\/fr\/wp-json\/wp\/v2\/media?parent=636590"}],"wp:term":[{"taxonomy":"category","embeddable":true,"href":"https:\/\/www.europesays.com\/fr\/wp-json\/wp\/v2\/categories?post=636590"},{"taxonomy":"post_tag","embeddable":true,"href":"https:\/\/www.europesays.com\/fr\/wp-json\/wp\/v2\/tags?post=636590"}],"curies":[{"name":"wp","href":"https:\/\/api.w.org\/{rel}","templated":true}]}}